{"id":7779,"date":"2014-03-17T17:33:05","date_gmt":"2014-03-17T20:33:05","guid":{"rendered":"https:\/\/jusprev.org.br\/backup\/?p=7779"},"modified":"2014-03-17T17:33:05","modified_gmt":"2014-03-17T20:33:05","slug":"reuniao-do-comite-de-investimentos-e-realizada-na-jusprev","status":"publish","type":"post","link":"https:\/\/jusprev.org.br\/backup\/reuniao-do-comite-de-investimentos-e-realizada-na-jusprev\/","title":{"rendered":"Reuni\u00e3o do Comit\u00ea de Investimentos \u00e9 realizada na JUSPREV"},"content":{"rendered":"<p style=\"text-align: justify;\">A Reuni\u00e3o do Comit\u00ea de Investimentos da JUSPREV aconteceu no \u00faltimo dia 12 de mar\u00e7o na sede da entidade. Estiveram presentes a diretora-presidente Dra. Maria Tereza Uille Gomes, o conselheiro fiscal Dr. Wilson Jos\u00e9 Galheiro, o presidente do comit\u00ea Dr. F\u00e1bio Bertoli Esmanhotto, os membros Dr. Marcio Humberto Gheller e o Dr. Marco Aur\u00e9lio Monteiro Tuoto e o analista econ\u00f4mico Allan Nogueira.<\/p>\n<p style=\"text-align: justify;\">Na ocasi\u00e3o os convidados representantes das assets, Marcelo Nakakoge da BRAM &#8211; Bradesco Asset Management, Luiz Fernando Lembi Lani e Luiz Carlos Leme da DLM \u2013 Invista e Guilherme Benites da ADITUS consultoria financeira, analisaram as rentabilidades do 1\u00ba bimestre de 2014, a gest\u00e3o da BRAM e DLM referente ao mesmo per\u00edodo e as expectativas para os pr\u00f3ximos meses.<\/p>\n","protected":false},"excerpt":{"rendered":"<p>A Reuni\u00e3o do Comit\u00ea de Investimentos da JUSPREV aconteceu no \u00faltimo dia 12 de mar\u00e7o na sede da entidade. Estiveram presentes a diretora-presidente Dra. Maria Tereza Uille Gomes, o conselheiro&#8230;<\/p>\n","protected":false},"author":4,"featured_media":0,"comment_status":"closed","ping_status":"closed","sticky":false,"template":"","format":"standard","meta":{"footnotes":""},"categories":[31],"tags":[],"class_list":["post-7779","post","type-post","status-publish","format-standard","hentry","category-noticias"],"_links":{"self":[{"href":"https:\/\/jusprev.org.br\/backup\/wp-json\/wp\/v2\/posts\/7779","targetHints":{"allow":["GET"]}}],"collection":[{"href":"https:\/\/jusprev.org.br\/backup\/wp-json\/wp\/v2\/posts"}],"about":[{"href":"https:\/\/jusprev.org.br\/backup\/wp-json\/wp\/v2\/types\/post"}],"author":[{"embeddable":true,"href":"https:\/\/jusprev.org.br\/backup\/wp-json\/wp\/v2\/users\/4"}],"replies":[{"embeddable":true,"href":"https:\/\/jusprev.org.br\/backup\/wp-json\/wp\/v2\/comments?post=7779"}],"version-history":[{"count":0,"href":"https:\/\/jusprev.org.br\/backup\/wp-json\/wp\/v2\/posts\/7779\/revisions"}],"wp:attachment":[{"href":"https:\/\/jusprev.org.br\/backup\/wp-json\/wp\/v2\/media?parent=7779"}],"wp:term":[{"taxonomy":"category","embeddable":true,"href":"https:\/\/jusprev.org.br\/backup\/wp-json\/wp\/v2\/categories?post=7779"},{"taxonomy":"post_tag","embeddable":true,"href":"https:\/\/jusprev.org.br\/backup\/wp-json\/wp\/v2\/tags?post=7779"}],"curies":[{"name":"wp","href":"https:\/\/api.w.org\/{rel}","templated":true}]}}