{"id":7782,"date":"2014-03-18T10:49:13","date_gmt":"2014-03-18T13:49:13","guid":{"rendered":"https:\/\/jusprev.org.br\/backup\/?p=7782"},"modified":"2014-03-18T10:49:13","modified_gmt":"2014-03-18T13:49:13","slug":"as-megatendencias-e-os-fundos-de-pensao","status":"publish","type":"post","link":"https:\/\/jusprev.org.br\/backup\/as-megatendencias-e-os-fundos-de-pensao\/","title":{"rendered":"AS MEGATEND\u00caNCIAS E OS FUNDOS DE PENS\u00c3O"},"content":{"rendered":"<p style=\"text-align: justify;\">O relat\u00f3rio \u201cO Futuro do Estado em 2030\u201d (\u201cThe Future State 2030), desenvolvido pela KPMG, apresenta e detalha\u00a0 as nove megatend\u00eancias globais que v\u00e3o exigir a aten\u00e7\u00e3o dos governos em todo o mundo, nas pr\u00f3ximas duas d\u00e9cadas. Ao divulgar o trabalho a consultora n\u00e3o correlaciona qualquer delas com nenhum segmento em particular, mas o DI\u00c1RIO chama a aten\u00e7\u00e3o para o fato de que logo as duas primeiras t\u00eam um impacto direto com os fundos de pens\u00e3o: Mudan\u00e7as demogr\u00e1ficas e ascens\u00e3o das classes sociais, enquanto uma terceira, urbaniza\u00e7\u00e3o acelerada, \u00e9 referida mais tarde.<\/p>\n<p style=\"text-align: justify;\">As tr\u00eas alimentam uma rela\u00e7\u00e3o direta com o nosso sistema, de vez que especialmente o aumento da longevidade faz naturalmente crescer a demanda por planos complementares e, da mesma forma, a melhoria no padr\u00e3o de vida e consequentemente o desejo de conserv\u00e1-lo na aposentadoria. A presen\u00e7a de mais gente nas cidades amplia o mercado de trabalho e, em decorr\u00eancia, a massa potencial de participantes.<\/p>\n<p style=\"text-align: justify;\">A previs\u00e3o \u00e9 de que no ano de 2030 teremos no mundo mais de 1 bilh\u00e3o de pessoas com mais de 65 anos, fruto n\u00e3o s\u00f3 da maior longevidade mas tamb\u00e9m das menores taxas de natalidade. Quando isso acontecer, e talvez at\u00e9 antes disso, os sistemas de pens\u00e3o e sa\u00fade estar\u00e3o sob severa press\u00e3o, tendo a sua solv\u00eancia colocada em teste.<\/p>\n<p style=\"text-align: justify;\">Por sua vez, estudo do BID aponta que a maior parte dos pa\u00edses da Am\u00e9rica Latina e do Caribe ainda tem popula\u00e7\u00f5es relativamente jovens, o que permite fazer as reformas agora ou, ao menos, n\u00e3o deixar muito para depois. Segundo o estudo, 6,8% da popula\u00e7\u00e3o da regi\u00e3o tinha mais de 65 anos em 2010. Mas as estimativas apontam que em 2050 essa taxa ser\u00e1 de 19,8%, ou 140 milh\u00f5es de pessoas.<\/p>\n<p style=\"text-align: justify;\">A regi\u00e3o passar\u00e1 a ter 3,2 pessoas em idade ativa para cada idoso quando chegar 2050, contra \u00a09,6 em 2010. Nesse per\u00edodo, a cada ano o n\u00famero de idosos aumentar\u00e1 em 2,6 milh\u00f5es. Assim, a popula\u00e7\u00e3o com mais de 65 anos representar\u00e1 entre 23% e 27% do eleitorado, dependendo do pa\u00eds. Em 2010, esse \u00edndice ainda era de 10% em m\u00e9dia.<\/p>\n<p style=\"text-align: justify;\">fonte:\u00a0sistemas.abrapp.org.br<\/p>\n","protected":false},"excerpt":{"rendered":"<p>O relat\u00f3rio \u201cO Futuro do Estado em 2030\u201d (\u201cThe Future State 2030), desenvolvido pela KPMG, apresenta e detalha\u00a0 as nove megatend\u00eancias globais que v\u00e3o exigir a aten\u00e7\u00e3o dos governos em&#8230;<\/p>\n","protected":false},"author":4,"featured_media":0,"comment_status":"closed","ping_status":"closed","sticky":false,"template":"","format":"standard","meta":{"footnotes":""},"categories":[31],"tags":[],"class_list":["post-7782","post","type-post","status-publish","format-standard","hentry","category-noticias"],"_links":{"self":[{"href":"https:\/\/jusprev.org.br\/backup\/wp-json\/wp\/v2\/posts\/7782","targetHints":{"allow":["GET"]}}],"collection":[{"href":"https:\/\/jusprev.org.br\/backup\/wp-json\/wp\/v2\/posts"}],"about":[{"href":"https:\/\/jusprev.org.br\/backup\/wp-json\/wp\/v2\/types\/post"}],"author":[{"embeddable":true,"href":"https:\/\/jusprev.org.br\/backup\/wp-json\/wp\/v2\/users\/4"}],"replies":[{"embeddable":true,"href":"https:\/\/jusprev.org.br\/backup\/wp-json\/wp\/v2\/comments?post=7782"}],"version-history":[{"count":0,"href":"https:\/\/jusprev.org.br\/backup\/wp-json\/wp\/v2\/posts\/7782\/revisions"}],"wp:attachment":[{"href":"https:\/\/jusprev.org.br\/backup\/wp-json\/wp\/v2\/media?parent=7782"}],"wp:term":[{"taxonomy":"category","embeddable":true,"href":"https:\/\/jusprev.org.br\/backup\/wp-json\/wp\/v2\/categories?post=7782"},{"taxonomy":"post_tag","embeddable":true,"href":"https:\/\/jusprev.org.br\/backup\/wp-json\/wp\/v2\/tags?post=7782"}],"curies":[{"name":"wp","href":"https:\/\/api.w.org\/{rel}","templated":true}]}}