{"id":7790,"date":"2014-03-25T17:16:17","date_gmt":"2014-03-25T20:16:17","guid":{"rendered":"https:\/\/jusprev.org.br\/backup\/?p=7790"},"modified":"2014-03-25T17:16:17","modified_gmt":"2014-03-25T20:16:17","slug":"jusprev-realiza-primeira-reuniao-dos-orgaos-colegiados-de-2014","status":"publish","type":"post","link":"https:\/\/jusprev.org.br\/backup\/jusprev-realiza-primeira-reuniao-dos-orgaos-colegiados-de-2014\/","title":{"rendered":"JUSPREV realiza primeira reuni\u00e3o dos \u00d3rg\u00e3os Colegiados de 2014"},"content":{"rendered":"<p style=\"text-align: justify;\"><a href=\"https:\/\/jusprev.org.br\/backup\/wp-content\/uploads\/2014\/03\/reuni\u00e3o-orgaos-colegiados-2014.jpg\"><img loading=\"lazy\" decoding=\"async\" class=\" wp-image-7791 alignleft\" alt=\"reuni\u00e3o orgaos colegiados 2014\" src=\"https:\/\/jusprev.org.br\/backup\/wp-content\/uploads\/2014\/03\/reuni\u00e3o-orgaos-colegiados-2014.jpg\" width=\"336\" height=\"248\" \/><\/a><\/p>\n<p style=\"text-align: justify;\">No dia 24 de mar\u00e7o foi realizada, no audit\u00f3rio da Associa\u00e7\u00e3o Paranaense do Minist\u00e9rio P\u00fablico, a primeira reuni\u00e3o dos \u00d3rg\u00e3os Colegiados da JUSPREV de 2014. Estiveram presentes integrantes do Col\u00e9gio de Instituidoras, do Conselho Deliberativo, Conselho Fiscal e Diretoria Executiva, que discutiram e deliberaram assuntos de suas compet\u00eancias.<\/p>\n<p style=\"text-align: justify;\">Tamb\u00e9m participaram da reuni\u00e3o representantes das <i>assets<\/i> respons\u00e1veis pela gest\u00e3o dos investimentos, BRAM-Bradesco Asset Management e DLM Invista Asset Management, que brevemente explanaram sobre a gest\u00e3o dos ativos e rentabilidade do Fundo JUSPREV. Ap\u00f3s, a ADITUS Consultoria financeira comentou acerca das explana\u00e7\u00f5es realizadas pelas <i>assets. <\/i>A ocasi\u00e3o contou ainda com a presen\u00e7a da planejadora financeira independente, Myrian Lund que tamb\u00e9m fez sua an\u00e1lise das estrat\u00e9gias dos gestores.<\/p>\n<p style=\"text-align: justify;\">Os demais assuntos discutidos foram a aprova\u00e7\u00e3o pelo Conselho Deliberativo, pelo Col\u00e9gio de Instituidoras e pela Diretoria Executiva das suas respectivas atas (13\/12\/2013), apresenta\u00e7\u00e3o pelo Conselho Deliberativo dos novos componentes do Comit\u00ea de Investimentos, apresenta\u00e7\u00e3o pelo Comit\u00ea de Investimentos de alternativas para melhora da rentabilidade envolvendo an\u00e1lise da meta atuarial e do <i>Benchmark<\/i> imposto \u00e0s <i>assets<\/i>, aprova\u00e7\u00e3o do Demonstrativo de Avalia\u00e7\u00e3o Atuarial, emitido pela DATA A Consultoria, aprova\u00e7\u00e3o do parecer emitido pelo Conselho Fiscal sobre as demonstra\u00e7\u00f5es cont\u00e1beis, notas explicativas, parecer da auditoria externa, parecer atuarial e do balan\u00e7o, referentes ao per\u00edodo de 2013 e apresenta\u00e7\u00e3o do Relat\u00f3rio Anual de Informa\u00e7\u00f5es de 2013.<\/p>\n","protected":false},"excerpt":{"rendered":"<p>No dia 24 de mar\u00e7o foi realizada, no audit\u00f3rio da Associa\u00e7\u00e3o Paranaense do Minist\u00e9rio P\u00fablico, a primeira reuni\u00e3o dos \u00d3rg\u00e3os Colegiados da JUSPREV de 2014. Estiveram presentes integrantes do Col\u00e9gio&#8230;<\/p>\n","protected":false},"author":4,"featured_media":0,"comment_status":"closed","ping_status":"closed","sticky":false,"template":"","format":"standard","meta":{"footnotes":""},"categories":[31],"tags":[],"class_list":["post-7790","post","type-post","status-publish","format-standard","hentry","category-noticias"],"_links":{"self":[{"href":"https:\/\/jusprev.org.br\/backup\/wp-json\/wp\/v2\/posts\/7790","targetHints":{"allow":["GET"]}}],"collection":[{"href":"https:\/\/jusprev.org.br\/backup\/wp-json\/wp\/v2\/posts"}],"about":[{"href":"https:\/\/jusprev.org.br\/backup\/wp-json\/wp\/v2\/types\/post"}],"author":[{"embeddable":true,"href":"https:\/\/jusprev.org.br\/backup\/wp-json\/wp\/v2\/users\/4"}],"replies":[{"embeddable":true,"href":"https:\/\/jusprev.org.br\/backup\/wp-json\/wp\/v2\/comments?post=7790"}],"version-history":[{"count":0,"href":"https:\/\/jusprev.org.br\/backup\/wp-json\/wp\/v2\/posts\/7790\/revisions"}],"wp:attachment":[{"href":"https:\/\/jusprev.org.br\/backup\/wp-json\/wp\/v2\/media?parent=7790"}],"wp:term":[{"taxonomy":"category","embeddable":true,"href":"https:\/\/jusprev.org.br\/backup\/wp-json\/wp\/v2\/categories?post=7790"},{"taxonomy":"post_tag","embeddable":true,"href":"https:\/\/jusprev.org.br\/backup\/wp-json\/wp\/v2\/tags?post=7790"}],"curies":[{"name":"wp","href":"https:\/\/api.w.org\/{rel}","templated":true}]}}