{"id":7799,"date":"2014-03-31T16:17:55","date_gmt":"2014-03-31T19:17:55","guid":{"rendered":"https:\/\/jusprev.org.br\/backup\/?p=7799"},"modified":"2014-03-31T16:17:55","modified_gmt":"2014-03-31T19:17:55","slug":"previpar-tem-nova-presidencia","status":"publish","type":"post","link":"https:\/\/jusprev.org.br\/backup\/previpar-tem-nova-presidencia\/","title":{"rendered":"Previpar tem nova presid\u00eancia"},"content":{"rendered":"<p style=\"text-align: justify;\">A Associa\u00e7\u00e3o dos Fundos de Pens\u00e3o do Paran\u00e1 (Previpar) elegeu sua nova diretoria nesta semana. A diretora-presidente da Funda\u00e7\u00e3o de Previd\u00eancia do Instituto Emater, Claudia Regina Janesko, foi escolhida para suceder Jos\u00e9 Luiz Costa Taborda Rauen.<\/p>\n<p style=\"text-align: justify;\">Para este bi\u00eanio a frente da Associa\u00e7\u00e3o, Claudia contar\u00e1 em sua diretoria com o diretor de seguridade da Funda\u00e7\u00e3o Itaipu, Flor\u00edcio Medeiros da Costa, e com o diretor administrativo e financeiro do Fundo Paran\u00e1, Thiago Nieweglowski.<\/p>\n<p style=\"text-align: justify;\">Segundo Claudia, que j\u00e1 participa ativamente da Previpar h\u00e1 seis anos, sua gest\u00e3o dever\u00e1 ser marcada por algumas caracter\u00edsticas. \u201cVamos trabalhar para refor\u00e7ar o esp\u00edrito de uni\u00e3o entre os associados e uma agenda de treinamento e eventos de capacita\u00e7\u00e3o tanto para os dirigentes e conselheiros quanto para o corpo t\u00e9cnico dos fundos de pens\u00e3o\u201d, disse.<\/p>\n<p style=\"text-align: justify;\">Presta\u00e7\u00e3o de Contas &#8211; Durante a reuni\u00e3o, Rauen fez uma presta\u00e7\u00e3o de contas das a\u00e7\u00f5es ocorridas durante o \u00faltimo ano na entidade. \u201cConseguimos botar em pr\u00e1tica o MBA em Previd\u00eancia Complementar Fechada, realizamos o 1\u00ba Encontro de Aposentados e Pensionistas da Previpar, entre outros eventos de capacita\u00e7\u00e3o\u201d, contou o ex-dirigente.<\/p>\n<p style=\"text-align: justify;\">fonte:\u00a0madapereira.blogspot.com.br<\/p>\n","protected":false},"excerpt":{"rendered":"<p>A Associa\u00e7\u00e3o dos Fundos de Pens\u00e3o do Paran\u00e1 (Previpar) elegeu sua nova diretoria nesta semana. A diretora-presidente da Funda\u00e7\u00e3o de Previd\u00eancia do Instituto Emater, Claudia Regina Janesko, foi escolhida para&#8230;<\/p>\n","protected":false},"author":4,"featured_media":0,"comment_status":"closed","ping_status":"closed","sticky":false,"template":"","format":"standard","meta":{"footnotes":""},"categories":[31],"tags":[],"class_list":["post-7799","post","type-post","status-publish","format-standard","hentry","category-noticias"],"_links":{"self":[{"href":"https:\/\/jusprev.org.br\/backup\/wp-json\/wp\/v2\/posts\/7799","targetHints":{"allow":["GET"]}}],"collection":[{"href":"https:\/\/jusprev.org.br\/backup\/wp-json\/wp\/v2\/posts"}],"about":[{"href":"https:\/\/jusprev.org.br\/backup\/wp-json\/wp\/v2\/types\/post"}],"author":[{"embeddable":true,"href":"https:\/\/jusprev.org.br\/backup\/wp-json\/wp\/v2\/users\/4"}],"replies":[{"embeddable":true,"href":"https:\/\/jusprev.org.br\/backup\/wp-json\/wp\/v2\/comments?post=7799"}],"version-history":[{"count":0,"href":"https:\/\/jusprev.org.br\/backup\/wp-json\/wp\/v2\/posts\/7799\/revisions"}],"wp:attachment":[{"href":"https:\/\/jusprev.org.br\/backup\/wp-json\/wp\/v2\/media?parent=7799"}],"wp:term":[{"taxonomy":"category","embeddable":true,"href":"https:\/\/jusprev.org.br\/backup\/wp-json\/wp\/v2\/categories?post=7799"},{"taxonomy":"post_tag","embeddable":true,"href":"https:\/\/jusprev.org.br\/backup\/wp-json\/wp\/v2\/tags?post=7799"}],"curies":[{"name":"wp","href":"https:\/\/api.w.org\/{rel}","templated":true}]}}