{"id":7808,"date":"2014-04-08T11:49:30","date_gmt":"2014-04-08T14:49:30","guid":{"rendered":"https:\/\/jusprev.org.br\/backup\/?p=7808"},"modified":"2014-04-08T11:49:30","modified_gmt":"2014-04-08T14:49:30","slug":"demonstrativo-atuarial-e-demonstracoes-contabeis-2013","status":"publish","type":"post","link":"https:\/\/jusprev.org.br\/backup\/demonstrativo-atuarial-e-demonstracoes-contabeis-2013\/","title":{"rendered":"Demonstrativo Atuarial e Demonstra\u00e7\u00f5es Cont\u00e1beis 2013"},"content":{"rendered":"<p style=\"text-align: justify;\">Est\u00e1 dispon\u00edvel no site da JUSPREV o Demonstrativo Atuarial e as Demonstra\u00e7\u00f5es Cont\u00e1beis, referente ao ano de 2013.<\/p>\n<p style=\"text-align: justify;\">O Demonstrativo Atuarial\u00a0\u00e9 uma exig\u00eancia da Superintend\u00eancia Nacional de Previd\u00eancia Complementar \u2013 PREVIC. O documento \u00e9 desenvolvido para o cadastro e envio anual dos estudos atuariais dos Planos de Benef\u00edcios de Previd\u00eancia Complementar \u00e0 PREVIC, de forma a analisar o n\u00edvel de reservas e a situa\u00e7\u00e3o financeiro atuarial do Plano. J\u00e1, as Demonstra\u00e7\u00f5es Cont\u00e1beis tem o objetivo de fornecer informa\u00e7\u00f5es sobre a posi\u00e7\u00e3o patrimonial e financeira, o resultado e o fluxo financeiro da entidade.<\/p>\n<p style=\"text-align: justify;\">Para acessar os documentos, clique nos <em>links<\/em> abaixo:<\/p>\n<p style=\"text-align: justify;\"><a href=\"https:\/\/jusprev.org.br\/backup\/wp-content\/uploads\/2012\/12\/demonstracoes_jusprev_2013.pdf\">Demonstra\u00e7\u00f5es Cont\u00e1beis<\/a><\/p>\n<p style=\"text-align: justify;\"><a href=\"https:\/\/jusprev.org.br\/backup\/wp-content\/uploads\/2012\/12\/DA-2013-Completa.pdf\">Demonstrativo Atuarial<\/a><\/p>\n<p style=\"text-align: justify;\">\n<p>&nbsp;<\/p>\n","protected":false},"excerpt":{"rendered":"<p>Est\u00e1 dispon\u00edvel no site da JUSPREV o Demonstrativo Atuarial e as Demonstra\u00e7\u00f5es Cont\u00e1beis, referente ao ano de 2013. O Demonstrativo Atuarial\u00a0\u00e9 uma exig\u00eancia da Superintend\u00eancia Nacional de Previd\u00eancia Complementar \u2013&#8230;<\/p>\n","protected":false},"author":4,"featured_media":0,"comment_status":"closed","ping_status":"closed","sticky":false,"template":"","format":"standard","meta":{"footnotes":""},"categories":[31],"tags":[],"class_list":["post-7808","post","type-post","status-publish","format-standard","hentry","category-noticias"],"_links":{"self":[{"href":"https:\/\/jusprev.org.br\/backup\/wp-json\/wp\/v2\/posts\/7808","targetHints":{"allow":["GET"]}}],"collection":[{"href":"https:\/\/jusprev.org.br\/backup\/wp-json\/wp\/v2\/posts"}],"about":[{"href":"https:\/\/jusprev.org.br\/backup\/wp-json\/wp\/v2\/types\/post"}],"author":[{"embeddable":true,"href":"https:\/\/jusprev.org.br\/backup\/wp-json\/wp\/v2\/users\/4"}],"replies":[{"embeddable":true,"href":"https:\/\/jusprev.org.br\/backup\/wp-json\/wp\/v2\/comments?post=7808"}],"version-history":[{"count":0,"href":"https:\/\/jusprev.org.br\/backup\/wp-json\/wp\/v2\/posts\/7808\/revisions"}],"wp:attachment":[{"href":"https:\/\/jusprev.org.br\/backup\/wp-json\/wp\/v2\/media?parent=7808"}],"wp:term":[{"taxonomy":"category","embeddable":true,"href":"https:\/\/jusprev.org.br\/backup\/wp-json\/wp\/v2\/categories?post=7808"},{"taxonomy":"post_tag","embeddable":true,"href":"https:\/\/jusprev.org.br\/backup\/wp-json\/wp\/v2\/tags?post=7808"}],"curies":[{"name":"wp","href":"https:\/\/api.w.org\/{rel}","templated":true}]}}