{"id":7819,"date":"2014-04-14T11:35:10","date_gmt":"2014-04-14T14:35:10","guid":{"rendered":"https:\/\/jusprev.org.br\/backup\/?p=7819"},"modified":"2014-04-14T11:35:10","modified_gmt":"2014-04-14T14:35:10","slug":"abrapp-realiza-encontro-regional-sul-em-curitiba","status":"publish","type":"post","link":"https:\/\/jusprev.org.br\/backup\/abrapp-realiza-encontro-regional-sul-em-curitiba\/","title":{"rendered":"ABRAPP realiza Encontro Regional Sul em Curitiba"},"content":{"rendered":"<p style=\"text-align: justify;\">Aconteceu no dia 11 de abril no Four Points by Sheraton Curitiba, o Encontro Regional Sul realizado pela ABRAPP. O evento destinado a diretores, conselheiros e profissionais que atuam nas \u00e1reas t\u00e9cnicas das entidades fechadas de previd\u00eancia complementar teve como principal objetivo apresentar e discutir com as associadas, temas importantes da atualidade bem como oferecer a oportunidade de acompanhamento dos principais projetos e a\u00e7\u00f5es desenvolvidas pela atual gest\u00e3o.<\/p>\n<p style=\"text-align: justify;\">A JUSPREV esteve representada no evento pelo Presidente do Comit\u00ea de Investimentos, Dr. F\u00e1bio Bertoli Esmanhotto, a Coordenadora de Relacionamento Glaucia Mur\u00e7a, o Analista Econ\u00f4mico Allan Nogueira, o Consultor Previdenci\u00e1rio Jorge Baptista, o Analista de Comunica\u00e7\u00e3o Felipe Voos e o Analista Operacional Leandro Kormann.<\/p>\n","protected":false},"excerpt":{"rendered":"<p>Aconteceu no dia 11 de abril no Four Points by Sheraton Curitiba, o Encontro Regional Sul realizado pela ABRAPP. O evento destinado a diretores, conselheiros e profissionais que atuam nas&#8230;<\/p>\n","protected":false},"author":4,"featured_media":0,"comment_status":"closed","ping_status":"closed","sticky":false,"template":"","format":"standard","meta":{"footnotes":""},"categories":[31],"tags":[],"class_list":["post-7819","post","type-post","status-publish","format-standard","hentry","category-noticias"],"_links":{"self":[{"href":"https:\/\/jusprev.org.br\/backup\/wp-json\/wp\/v2\/posts\/7819","targetHints":{"allow":["GET"]}}],"collection":[{"href":"https:\/\/jusprev.org.br\/backup\/wp-json\/wp\/v2\/posts"}],"about":[{"href":"https:\/\/jusprev.org.br\/backup\/wp-json\/wp\/v2\/types\/post"}],"author":[{"embeddable":true,"href":"https:\/\/jusprev.org.br\/backup\/wp-json\/wp\/v2\/users\/4"}],"replies":[{"embeddable":true,"href":"https:\/\/jusprev.org.br\/backup\/wp-json\/wp\/v2\/comments?post=7819"}],"version-history":[{"count":0,"href":"https:\/\/jusprev.org.br\/backup\/wp-json\/wp\/v2\/posts\/7819\/revisions"}],"wp:attachment":[{"href":"https:\/\/jusprev.org.br\/backup\/wp-json\/wp\/v2\/media?parent=7819"}],"wp:term":[{"taxonomy":"category","embeddable":true,"href":"https:\/\/jusprev.org.br\/backup\/wp-json\/wp\/v2\/categories?post=7819"},{"taxonomy":"post_tag","embeddable":true,"href":"https:\/\/jusprev.org.br\/backup\/wp-json\/wp\/v2\/tags?post=7819"}],"curies":[{"name":"wp","href":"https:\/\/api.w.org\/{rel}","templated":true}]}}