{"id":7830,"date":"2014-04-16T16:20:28","date_gmt":"2014-04-16T19:20:28","guid":{"rendered":"https:\/\/jusprev.org.br\/backup\/?p=7830"},"modified":"2014-04-16T16:20:28","modified_gmt":"2014-04-16T19:20:28","slug":"comunicado-de-expediente","status":"publish","type":"post","link":"https:\/\/jusprev.org.br\/backup\/comunicado-de-expediente\/","title":{"rendered":"Comunicado de Expediente"},"content":{"rendered":"<p>Informamos que em virtude dos feriados de Paix\u00e3o de Cristo e Tiradentes, no dia 17 de abril (quinta-feira), n\u00e3o haver\u00e1 expediente na JUSPREV. Todos os servi\u00e7os ser\u00e3o inteiramente normalizados no dia 22 (ter\u00e7a-feira).<\/p>\n","protected":false},"excerpt":{"rendered":"<p>Informamos que em virtude dos feriados de Paix\u00e3o de Cristo e Tiradentes, no dia 17 de abril (quinta-feira), n\u00e3o haver\u00e1 expediente na JUSPREV. Todos os servi\u00e7os ser\u00e3o inteiramente normalizados no&#8230;<\/p>\n","protected":false},"author":4,"featured_media":0,"comment_status":"closed","ping_status":"closed","sticky":false,"template":"","format":"standard","meta":{"footnotes":""},"categories":[31],"tags":[],"class_list":["post-7830","post","type-post","status-publish","format-standard","hentry","category-noticias"],"_links":{"self":[{"href":"https:\/\/jusprev.org.br\/backup\/wp-json\/wp\/v2\/posts\/7830","targetHints":{"allow":["GET"]}}],"collection":[{"href":"https:\/\/jusprev.org.br\/backup\/wp-json\/wp\/v2\/posts"}],"about":[{"href":"https:\/\/jusprev.org.br\/backup\/wp-json\/wp\/v2\/types\/post"}],"author":[{"embeddable":true,"href":"https:\/\/jusprev.org.br\/backup\/wp-json\/wp\/v2\/users\/4"}],"replies":[{"embeddable":true,"href":"https:\/\/jusprev.org.br\/backup\/wp-json\/wp\/v2\/comments?post=7830"}],"version-history":[{"count":0,"href":"https:\/\/jusprev.org.br\/backup\/wp-json\/wp\/v2\/posts\/7830\/revisions"}],"wp:attachment":[{"href":"https:\/\/jusprev.org.br\/backup\/wp-json\/wp\/v2\/media?parent=7830"}],"wp:term":[{"taxonomy":"category","embeddable":true,"href":"https:\/\/jusprev.org.br\/backup\/wp-json\/wp\/v2\/categories?post=7830"},{"taxonomy":"post_tag","embeddable":true,"href":"https:\/\/jusprev.org.br\/backup\/wp-json\/wp\/v2\/tags?post=7830"}],"curies":[{"name":"wp","href":"https:\/\/api.w.org\/{rel}","templated":true}]}}