{"id":7850,"date":"2014-04-30T10:05:01","date_gmt":"2014-04-30T13:05:01","guid":{"rendered":"https:\/\/jusprev.org.br\/backup\/?p=7850"},"modified":"2014-04-30T10:05:01","modified_gmt":"2014-04-30T13:05:01","slug":"gerente-geral-da-jusprev-participa-de-evento-em-salvador","status":"publish","type":"post","link":"https:\/\/jusprev.org.br\/backup\/gerente-geral-da-jusprev-participa-de-evento-em-salvador\/","title":{"rendered":"Gerente Geral da JUSPREV participa do II Encontro de Governan\u00e7a"},"content":{"rendered":"<p style=\"text-align: justify;\"><a href=\"https:\/\/jusprev.org.br\/backup\/wp-content\/uploads\/2014\/04\/imagem-evento-governan\u00e7a.jpg\"><img loading=\"lazy\" decoding=\"async\" class=\"wp-image-7851 alignleft\" alt=\"imagem evento governan\u00e7a\" src=\"https:\/\/jusprev.org.br\/backup\/wp-content\/uploads\/2014\/04\/imagem-evento-governan\u00e7a.jpg\" width=\"287\" height=\"198\" \/><\/a><\/p>\n<p style=\"text-align: justify;\">Nos dias 28 e 29 de abril ocorreu o II Encontro de Governan\u00e7a, em Salvador \u2013 BA. O evento realizado pela ABRAPP, foi destinado a Dirigentes, Conselheiros, gestores e profissionais que atuam na \u00e1rea de governan\u00e7a dos fundos de pens\u00e3o e debateu o cen\u00e1rio atual e as perspectivas para o futuro, focando em quest\u00f5es pontuais da Resolu\u00e7\u00e3o CGPC 13\/2004 e outras normas relacionadas.<\/p>\n<p style=\"text-align: justify;\">O evento contou com palestras de grande import\u00e2ncia, ministradas por profissionais renomados. Conforme Deborah Maggio, Gerente Geral da JUSPREV, a participa\u00e7\u00e3o foi importante para se criar uma vis\u00e3o cr\u00edtica sobre os avan\u00e7os e benef\u00edcios que as boas pr\u00e1ticas trouxeram ao sistema, atrav\u00e9s dos princ\u00edpios e regras estabelecidos pela Resolu\u00e7\u00e3o CGPC 13\/2004.<\/p>\n","protected":false},"excerpt":{"rendered":"<p>Nos dias 28 e 29 de abril ocorreu o II Encontro de Governan\u00e7a, em Salvador \u2013 BA. O evento realizado pela ABRAPP, foi destinado a Dirigentes, Conselheiros, gestores e profissionais&#8230;<\/p>\n","protected":false},"author":4,"featured_media":0,"comment_status":"closed","ping_status":"closed","sticky":false,"template":"","format":"standard","meta":{"footnotes":""},"categories":[31],"tags":[],"class_list":["post-7850","post","type-post","status-publish","format-standard","hentry","category-noticias"],"_links":{"self":[{"href":"https:\/\/jusprev.org.br\/backup\/wp-json\/wp\/v2\/posts\/7850","targetHints":{"allow":["GET"]}}],"collection":[{"href":"https:\/\/jusprev.org.br\/backup\/wp-json\/wp\/v2\/posts"}],"about":[{"href":"https:\/\/jusprev.org.br\/backup\/wp-json\/wp\/v2\/types\/post"}],"author":[{"embeddable":true,"href":"https:\/\/jusprev.org.br\/backup\/wp-json\/wp\/v2\/users\/4"}],"replies":[{"embeddable":true,"href":"https:\/\/jusprev.org.br\/backup\/wp-json\/wp\/v2\/comments?post=7850"}],"version-history":[{"count":0,"href":"https:\/\/jusprev.org.br\/backup\/wp-json\/wp\/v2\/posts\/7850\/revisions"}],"wp:attachment":[{"href":"https:\/\/jusprev.org.br\/backup\/wp-json\/wp\/v2\/media?parent=7850"}],"wp:term":[{"taxonomy":"category","embeddable":true,"href":"https:\/\/jusprev.org.br\/backup\/wp-json\/wp\/v2\/categories?post=7850"},{"taxonomy":"post_tag","embeddable":true,"href":"https:\/\/jusprev.org.br\/backup\/wp-json\/wp\/v2\/tags?post=7850"}],"curies":[{"name":"wp","href":"https:\/\/api.w.org\/{rel}","templated":true}]}}