{"id":7855,"date":"2014-04-30T17:04:01","date_gmt":"2014-04-30T20:04:01","guid":{"rendered":"https:\/\/jusprev.org.br\/backup\/?p=7855"},"modified":"2014-04-30T17:04:01","modified_gmt":"2014-04-30T20:04:01","slug":"expediente-jusprev","status":"publish","type":"post","link":"https:\/\/jusprev.org.br\/backup\/expediente-jusprev\/","title":{"rendered":"Expediente JUSPREV"},"content":{"rendered":"<p>Informamos que em virtude do feriado do Dia do Trabalho, nos dias 01 e 02 de maio, n\u00e3o haver\u00e1 expediente na JUSPREV. Todos os servi\u00e7os ser\u00e3o inteiramente normalizados no dia 05 (segunda-feira).<\/p>\n","protected":false},"excerpt":{"rendered":"<p>Informamos que em virtude do feriado do Dia do Trabalho, nos dias 01 e 02 de maio, n\u00e3o haver\u00e1 expediente na JUSPREV. Todos os servi\u00e7os ser\u00e3o inteiramente normalizados no dia&#8230;<\/p>\n","protected":false},"author":4,"featured_media":0,"comment_status":"closed","ping_status":"closed","sticky":false,"template":"","format":"standard","meta":{"footnotes":""},"categories":[31],"tags":[],"class_list":["post-7855","post","type-post","status-publish","format-standard","hentry","category-noticias"],"_links":{"self":[{"href":"https:\/\/jusprev.org.br\/backup\/wp-json\/wp\/v2\/posts\/7855","targetHints":{"allow":["GET"]}}],"collection":[{"href":"https:\/\/jusprev.org.br\/backup\/wp-json\/wp\/v2\/posts"}],"about":[{"href":"https:\/\/jusprev.org.br\/backup\/wp-json\/wp\/v2\/types\/post"}],"author":[{"embeddable":true,"href":"https:\/\/jusprev.org.br\/backup\/wp-json\/wp\/v2\/users\/4"}],"replies":[{"embeddable":true,"href":"https:\/\/jusprev.org.br\/backup\/wp-json\/wp\/v2\/comments?post=7855"}],"version-history":[{"count":0,"href":"https:\/\/jusprev.org.br\/backup\/wp-json\/wp\/v2\/posts\/7855\/revisions"}],"wp:attachment":[{"href":"https:\/\/jusprev.org.br\/backup\/wp-json\/wp\/v2\/media?parent=7855"}],"wp:term":[{"taxonomy":"category","embeddable":true,"href":"https:\/\/jusprev.org.br\/backup\/wp-json\/wp\/v2\/categories?post=7855"},{"taxonomy":"post_tag","embeddable":true,"href":"https:\/\/jusprev.org.br\/backup\/wp-json\/wp\/v2\/tags?post=7855"}],"curies":[{"name":"wp","href":"https:\/\/api.w.org\/{rel}","templated":true}]}}