{"id":7858,"date":"2014-05-05T11:15:24","date_gmt":"2014-05-05T14:15:24","guid":{"rendered":"https:\/\/jusprev.org.br\/backup\/?p=7858"},"modified":"2014-05-05T11:15:24","modified_gmt":"2014-05-05T14:15:24","slug":"educacao-financeira-solucao-para-uma-sociedade-melhor","status":"publish","type":"post","link":"https:\/\/jusprev.org.br\/backup\/educacao-financeira-solucao-para-uma-sociedade-melhor\/","title":{"rendered":"Educa\u00e7\u00e3o Financeira: Solu\u00e7\u00e3o para uma Sociedade Melhor"},"content":{"rendered":"<p style=\"text-align: justify;\">Quando se fala em educa\u00e7\u00e3o financeira, geralmente quer se referir somente \u00e0 necessidade de se guardar dinheiro, como se apenas guarda-lo pudesse resolver problemas financeiros.<\/p>\n<p style=\"text-align: justify;\">Guardar \u00e9 um primeiro passo, \u00e9 verdade, afinal n\u00e3o devemos esquecer que\u00a0<strong>todos que se encontram sem recursos financeiros deixaram de se planejar<\/strong>. No entanto, dizemos que s\u00f3 se pode come\u00e7ar a enriquecer efetivamente quando fazemos essa escolha, ou seja, \u00e9 preciso que o sujeito tenha consci\u00eancia de sua atual situa\u00e7\u00e3o financeira deficit\u00e1ria.<\/p>\n<p style=\"text-align: justify;\">Na realidade, todos os que se encontram sem recursos, sequer reconhecem que depende deles a mudan\u00e7a t\u00e3o necess\u00e1ria. Indagamos ent\u00e3o: como podemos mudar essa realidade? Eis a import\u00e2ncia da educa\u00e7\u00e3o financeira, isto \u00e9, uma educa\u00e7\u00e3o de qualidade para todos, universal no sentido da cidadania e de conceitos de finan\u00e7as pessoais e planejamento.<\/p>\n<p style=\"text-align: justify;\">S\u00e3o estas as verdadeiras causas de tanta pobreza presente em nossa sociedade. Conscientizar tais pessoas da import\u00e2ncia da educa\u00e7\u00e3o financeira \u00e9 uma tarefa \u00e1rdua, uma vez que as pessoas est\u00e3o acostumadas \u00e0 trabalhar apenas para pagar suas contas.<\/p>\n<p style=\"text-align: justify;\">Depois, h\u00e1 de se desenvolver um processo de alfabetiza\u00e7\u00e3o financeira nas escolas, uma das alternativas mais eficientes para se atingir objetivos mais amplos de conscientiza\u00e7\u00e3o em torno do dinheiro. As crian\u00e7as possuem uma facilidade incr\u00edvel de aprender e \u00e9 poss\u00edvel associar isso ao dinheiro.<\/p>\n<p style=\"text-align: justify;\">Mas, para que isto aconte\u00e7a, a educa\u00e7\u00e3o financeira precisa ser disciplina nas escolas e prioridade nas institui\u00e7\u00f5es \u2013 para assim poder cumprir com seu papel emancipador do ser humano.<\/p>\n<p style=\"text-align: justify;\">A educa\u00e7\u00e3o financeira, para agregar valor, precisa ir al\u00e9m do que apenas reproduzir os conhecimentos, os tipos de comportamentos e h\u00e1bitos. Como bem falou o\u00a0<strong>Professor Boro<\/strong>,\u00a0<em>\u201cMuita gente acredita que, enriquecendo-se de informa\u00e7\u00f5es, ter\u00e1 plenas condi\u00e7\u00f5es de resolver os seus problemas de sa\u00fade financeira, mas esquecem de que o conte\u00fado conceitual \u00e9 meramente racional e n\u00e3o vem acompanhado de an\u00e1lise, planejamento, tomada de decis\u00e3o e controle\u201d<\/em>.<\/p>\n<p style=\"text-align: justify;\">O mesmo ainda acredita que quando a educa\u00e7\u00e3o financeira \u00e9 bem trabalhada, faz com que a pessoa desenvolva compet\u00eancias de boa an\u00e1lise das informa\u00e7\u00f5es dispon\u00edveis, a fim de aplic\u00e1-las quando necess\u00e1rio.<\/p>\n<p style=\"text-align: justify;\">Na mesma linha de racioc\u00ednio, o educador financeiro\u00a0<strong>Andr\u00e9 Massaro<\/strong>\u00a0reconhece que\u00a0<em>\u201c\u00e9 um erro comum confundir educa\u00e7\u00e3o financeira com informa\u00e7\u00e3o financeira. Educa\u00e7\u00e3o financeira forma h\u00e1bitos que perduram enquanto a informa\u00e7\u00e3o \u00e9 algo que se esquece\u201d<\/em>.<\/p>\n<p style=\"text-align: justify;\">Para que isso n\u00e3o ocorra, ela deve transpor os muros da escola e do seio da fam\u00edlia para atingir as estradas da vida cotidiana das pessoas, seu dia a dia, articulando saber e experi\u00eancia \u00e0 vida humana. Educa\u00e7\u00e3o financeira se pratica, se propaga pelo exemplo e serve de inspira\u00e7\u00e3o porque traz resultados.<\/p>\n<p style=\"text-align: justify;\">Por isso defendo que\u00a0<strong>\u00e9 necess\u00e1rio investir mais em educa\u00e7\u00e3o financeira para vida<\/strong>, a fim de que as pessoas n\u00e3o aprendam somente o controle das finan\u00e7as, poupar e investir, mas que tamb\u00e9m sejam conscientizadas de que s\u00e3o respons\u00e1veis por suas vidas financeiras \u2013 o que implica escolhas, decis\u00f5es e consequ\u00eancias.<\/p>\n<p style=\"text-align: justify;\">Para tal, insisto que \u00e9 preciso que se reestruture o aparelho de educa\u00e7\u00e3o para incluir a educa\u00e7\u00e3o financeira nas grades curriculares, em todo o sistema educacional do pa\u00eds (ensinos fundamental, m\u00e9dio e universit\u00e1rio), bem como no conv\u00edvio familiar, a partir do exemplo de pais e respons\u00e1veis.<\/p>\n<p style=\"text-align: justify;\">Entendo que s\u00f3 assim a educa\u00e7\u00e3o financeira poder\u00e1 cumprir o seu mister de incluir, conscientizar, emancipar, disciplinar e construir cidad\u00e3os mais ricos e uma sociedade mais fraterna e solid\u00e1ria. Viva a educa\u00e7\u00e3o financeira!<\/p>\n<p style=\"text-align: justify;\">fonte: dinheirama.com<\/p>\n","protected":false},"excerpt":{"rendered":"<p>Quando se fala em educa\u00e7\u00e3o financeira, geralmente quer se referir somente \u00e0 necessidade de se guardar dinheiro, como se apenas guarda-lo pudesse resolver problemas financeiros. Guardar \u00e9 um primeiro passo,&#8230;<\/p>\n","protected":false},"author":4,"featured_media":0,"comment_status":"closed","ping_status":"closed","sticky":false,"template":"","format":"standard","meta":{"footnotes":""},"categories":[31],"tags":[],"class_list":["post-7858","post","type-post","status-publish","format-standard","hentry","category-noticias"],"_links":{"self":[{"href":"https:\/\/jusprev.org.br\/backup\/wp-json\/wp\/v2\/posts\/7858","targetHints":{"allow":["GET"]}}],"collection":[{"href":"https:\/\/jusprev.org.br\/backup\/wp-json\/wp\/v2\/posts"}],"about":[{"href":"https:\/\/jusprev.org.br\/backup\/wp-json\/wp\/v2\/types\/post"}],"author":[{"embeddable":true,"href":"https:\/\/jusprev.org.br\/backup\/wp-json\/wp\/v2\/users\/4"}],"replies":[{"embeddable":true,"href":"https:\/\/jusprev.org.br\/backup\/wp-json\/wp\/v2\/comments?post=7858"}],"version-history":[{"count":0,"href":"https:\/\/jusprev.org.br\/backup\/wp-json\/wp\/v2\/posts\/7858\/revisions"}],"wp:attachment":[{"href":"https:\/\/jusprev.org.br\/backup\/wp-json\/wp\/v2\/media?parent=7858"}],"wp:term":[{"taxonomy":"category","embeddable":true,"href":"https:\/\/jusprev.org.br\/backup\/wp-json\/wp\/v2\/categories?post=7858"},{"taxonomy":"post_tag","embeddable":true,"href":"https:\/\/jusprev.org.br\/backup\/wp-json\/wp\/v2\/tags?post=7858"}],"curies":[{"name":"wp","href":"https:\/\/api.w.org\/{rel}","templated":true}]}}