{"id":7865,"date":"2014-05-07T10:21:31","date_gmt":"2014-05-07T13:21:31","guid":{"rendered":"https:\/\/jusprev.org.br\/backup\/?p=7865"},"modified":"2014-05-07T10:21:31","modified_gmt":"2014-05-07T13:21:31","slug":"2o-treinamento-para-capacitacao-de-funcionarios-e-diretores-das-associacoes-instituidoras-da-jusprev","status":"publish","type":"post","link":"https:\/\/jusprev.org.br\/backup\/2o-treinamento-para-capacitacao-de-funcionarios-e-diretores-das-associacoes-instituidoras-da-jusprev\/","title":{"rendered":"2\u00ba Treinamento para Capacita\u00e7\u00e3o de Funcion\u00e1rios e Diretores das Associa\u00e7\u00f5es Instituidoras da JUSPREV."},"content":{"rendered":"<p><a href=\"https:\/\/jusprev.org.br\/backup\/wp-content\/uploads\/2014\/05\/email_marketing_treinamento_2.jpg\"><img loading=\"lazy\" decoding=\"async\" class=\"alignnone  wp-image-7866\" alt=\"email_marketing_treinamento_2\" src=\"https:\/\/jusprev.org.br\/backup\/wp-content\/uploads\/2014\/05\/email_marketing_treinamento_2.jpg\" width=\"572\" height=\"338\" \/><\/a><\/p>\n","protected":false},"excerpt":{"rendered":"","protected":false},"author":4,"featured_media":0,"comment_status":"closed","ping_status":"closed","sticky":false,"template":"","format":"standard","meta":{"footnotes":""},"categories":[31],"tags":[],"class_list":["post-7865","post","type-post","status-publish","format-standard","hentry","category-noticias"],"_links":{"self":[{"href":"https:\/\/jusprev.org.br\/backup\/wp-json\/wp\/v2\/posts\/7865","targetHints":{"allow":["GET"]}}],"collection":[{"href":"https:\/\/jusprev.org.br\/backup\/wp-json\/wp\/v2\/posts"}],"about":[{"href":"https:\/\/jusprev.org.br\/backup\/wp-json\/wp\/v2\/types\/post"}],"author":[{"embeddable":true,"href":"https:\/\/jusprev.org.br\/backup\/wp-json\/wp\/v2\/users\/4"}],"replies":[{"embeddable":true,"href":"https:\/\/jusprev.org.br\/backup\/wp-json\/wp\/v2\/comments?post=7865"}],"version-history":[{"count":0,"href":"https:\/\/jusprev.org.br\/backup\/wp-json\/wp\/v2\/posts\/7865\/revisions"}],"wp:attachment":[{"href":"https:\/\/jusprev.org.br\/backup\/wp-json\/wp\/v2\/media?parent=7865"}],"wp:term":[{"taxonomy":"category","embeddable":true,"href":"https:\/\/jusprev.org.br\/backup\/wp-json\/wp\/v2\/categories?post=7865"},{"taxonomy":"post_tag","embeddable":true,"href":"https:\/\/jusprev.org.br\/backup\/wp-json\/wp\/v2\/tags?post=7865"}],"curies":[{"name":"wp","href":"https:\/\/api.w.org\/{rel}","templated":true}]}}