{"id":7870,"date":"2014-05-12T13:39:20","date_gmt":"2014-05-12T16:39:20","guid":{"rendered":"https:\/\/jusprev.org.br\/backup\/?p=7870"},"modified":"2014-05-12T13:39:20","modified_gmt":"2014-05-12T16:39:20","slug":"previdencia-privada-nao-e-apenas-para-aposentadoria","status":"publish","type":"post","link":"https:\/\/jusprev.org.br\/backup\/previdencia-privada-nao-e-apenas-para-aposentadoria\/","title":{"rendered":"Previd\u00eancia Privada n\u00e3o \u00e9 apenas para aposentadoria"},"content":{"rendered":"<p>Pois \u00e9, e n\u00e3o \u00e9 mesmo. Confira o v\u00eddeo e entenda melhor as possibilidades que um Plano de Previd\u00eancia Privada pode oferecer para a sua vida.<\/p>\n<p><iframe loading=\"lazy\" title=\"Li\u00e7\u00e3o 4: Previd\u00eancia Privada n\u00e3o \u00e9 s\u00f3 para a aposentadoria\" width=\"500\" height=\"281\" src=\"https:\/\/www.youtube.com\/embed\/Xb2MbsEPEQs?feature=oembed\" frameborder=\"0\" allow=\"accelerometer; autoplay; clipboard-write; encrypted-media; gyroscope; picture-in-picture; web-share\" referrerpolicy=\"strict-origin-when-cross-origin\" allowfullscreen><\/iframe><\/p>\n<p>&nbsp;<\/p>\n<p>&nbsp;<\/p>\n","protected":false},"excerpt":{"rendered":"<p>Pois \u00e9, e n\u00e3o \u00e9 mesmo. Confira o v\u00eddeo e entenda melhor as possibilidades que um Plano de Previd\u00eancia Privada pode oferecer para a sua vida. &nbsp; &nbsp;<\/p>\n","protected":false},"author":4,"featured_media":0,"comment_status":"closed","ping_status":"closed","sticky":false,"template":"","format":"standard","meta":{"footnotes":""},"categories":[31],"tags":[],"class_list":["post-7870","post","type-post","status-publish","format-standard","hentry","category-noticias"],"_links":{"self":[{"href":"https:\/\/jusprev.org.br\/backup\/wp-json\/wp\/v2\/posts\/7870","targetHints":{"allow":["GET"]}}],"collection":[{"href":"https:\/\/jusprev.org.br\/backup\/wp-json\/wp\/v2\/posts"}],"about":[{"href":"https:\/\/jusprev.org.br\/backup\/wp-json\/wp\/v2\/types\/post"}],"author":[{"embeddable":true,"href":"https:\/\/jusprev.org.br\/backup\/wp-json\/wp\/v2\/users\/4"}],"replies":[{"embeddable":true,"href":"https:\/\/jusprev.org.br\/backup\/wp-json\/wp\/v2\/comments?post=7870"}],"version-history":[{"count":0,"href":"https:\/\/jusprev.org.br\/backup\/wp-json\/wp\/v2\/posts\/7870\/revisions"}],"wp:attachment":[{"href":"https:\/\/jusprev.org.br\/backup\/wp-json\/wp\/v2\/media?parent=7870"}],"wp:term":[{"taxonomy":"category","embeddable":true,"href":"https:\/\/jusprev.org.br\/backup\/wp-json\/wp\/v2\/categories?post=7870"},{"taxonomy":"post_tag","embeddable":true,"href":"https:\/\/jusprev.org.br\/backup\/wp-json\/wp\/v2\/tags?post=7870"}],"curies":[{"name":"wp","href":"https:\/\/api.w.org\/{rel}","templated":true}]}}