{"id":7875,"date":"2014-05-15T11:10:30","date_gmt":"2014-05-15T14:10:30","guid":{"rendered":"https:\/\/jusprev.org.br\/backup\/?p=7875"},"modified":"2014-05-15T11:10:30","modified_gmt":"2014-05-15T14:10:30","slug":"abrapp-realiza-5-encontro-nacional-de-comunicacao-e-relacionamento-dos-fundos-de-pensao","status":"publish","type":"post","link":"https:\/\/jusprev.org.br\/backup\/abrapp-realiza-5-encontro-nacional-de-comunicacao-e-relacionamento-dos-fundos-de-pensao\/","title":{"rendered":"ABRAPP realiza 5\u00b0 Encontro Nacional de Comunica\u00e7\u00e3o e Relacionamento dos Fundos de Pens\u00e3o"},"content":{"rendered":"<p style=\"text-align: justify;\"><a href=\"https:\/\/jusprev.org.br\/backup\/wp-content\/uploads\/2014\/05\/IMG_4608.jpg\"><img loading=\"lazy\" decoding=\"async\" class=\" wp-image-7876 alignleft\" alt=\"IMG_4608\" src=\"https:\/\/jusprev.org.br\/backup\/wp-content\/uploads\/2014\/05\/IMG_4608.jpg\" width=\"336\" height=\"223\" \/><\/a>Aconteceu nos dias 08 e 09 de maio no Royal Tulip \u2013 Bras\u00edlia Alvorada, o 5\u00b0 Encontro Nacional de Comunica\u00e7\u00e3o e Relacionamento dos Fundos de Pens\u00e3o. O evento foi destinado aos dirigentes, conselheiros, gestores e profissionais das \u00e1reas de relacionamento, comunica\u00e7\u00e3o e marketing e teve como principal objetivo propiciar um f\u00f3rum de debates e troca de experi\u00eancias acerca de temas atuais e desafios da comunica\u00e7\u00e3o e do relacionamento, no contexto da realidade, que os consolidou no centro da estrat\u00e9gia de gest\u00e3o dos Fundos de Pens\u00e3o.<\/p>\n<p style=\"text-align: justify;\">A JUSPREV esteve presente no evento representada pela Coordenadora de Relacionamento, Glaucia Mur\u00e7a e pelo Analista de Comunica\u00e7\u00e3o, Felipe Joanes Voos buscando o aprimoramento do conhecimento, visando ao atendimento eficaz com rela\u00e7\u00e3o aos participantes.<\/p>\n","protected":false},"excerpt":{"rendered":"<p>Aconteceu nos dias 08 e 09 de maio no Royal Tulip \u2013 Bras\u00edlia Alvorada, o 5\u00b0 Encontro Nacional de Comunica\u00e7\u00e3o e Relacionamento dos Fundos de Pens\u00e3o. O evento foi destinado&#8230;<\/p>\n","protected":false},"author":4,"featured_media":0,"comment_status":"closed","ping_status":"closed","sticky":false,"template":"","format":"standard","meta":{"footnotes":""},"categories":[31],"tags":[],"class_list":["post-7875","post","type-post","status-publish","format-standard","hentry","category-noticias"],"_links":{"self":[{"href":"https:\/\/jusprev.org.br\/backup\/wp-json\/wp\/v2\/posts\/7875","targetHints":{"allow":["GET"]}}],"collection":[{"href":"https:\/\/jusprev.org.br\/backup\/wp-json\/wp\/v2\/posts"}],"about":[{"href":"https:\/\/jusprev.org.br\/backup\/wp-json\/wp\/v2\/types\/post"}],"author":[{"embeddable":true,"href":"https:\/\/jusprev.org.br\/backup\/wp-json\/wp\/v2\/users\/4"}],"replies":[{"embeddable":true,"href":"https:\/\/jusprev.org.br\/backup\/wp-json\/wp\/v2\/comments?post=7875"}],"version-history":[{"count":0,"href":"https:\/\/jusprev.org.br\/backup\/wp-json\/wp\/v2\/posts\/7875\/revisions"}],"wp:attachment":[{"href":"https:\/\/jusprev.org.br\/backup\/wp-json\/wp\/v2\/media?parent=7875"}],"wp:term":[{"taxonomy":"category","embeddable":true,"href":"https:\/\/jusprev.org.br\/backup\/wp-json\/wp\/v2\/categories?post=7875"},{"taxonomy":"post_tag","embeddable":true,"href":"https:\/\/jusprev.org.br\/backup\/wp-json\/wp\/v2\/tags?post=7875"}],"curies":[{"name":"wp","href":"https:\/\/api.w.org\/{rel}","templated":true}]}}