{"id":7880,"date":"2014-05-21T10:42:02","date_gmt":"2014-05-21T13:42:02","guid":{"rendered":"https:\/\/jusprev.org.br\/backup\/?p=7880"},"modified":"2014-05-21T10:42:02","modified_gmt":"2014-05-21T13:42:02","slug":"duvidas-sobre-previdencia-privada","status":"publish","type":"post","link":"https:\/\/jusprev.org.br\/backup\/duvidas-sobre-previdencia-privada\/","title":{"rendered":"D\u00favidas sobre Previd\u00eancia Privada?"},"content":{"rendered":"<p style=\"text-align: justify;\">Na coluna Conta Pessoal do Conta Corrente na Globo News, o advogado Roberto Mohamed d\u00e1 dicas de como escolher um plano de previd\u00eancia privada. Ele \u00e9 um dos maiores especialistas em fundos de pens\u00e3o e previd\u00eancia no Brasil e ensina voc\u00ea a se preparar para o futuro, independente de ser crian\u00e7a ou adulto.<\/p>\n<p style=\"text-align: justify;\"><a href=\"https:\/\/www.youtube.com\/watch?v=5d1oir3aLXM\">Assista aqui o v\u00eddeo<\/a><\/p>\n<p style=\"text-align: justify;\">\n","protected":false},"excerpt":{"rendered":"<p>Na coluna Conta Pessoal do Conta Corrente na Globo News, o advogado Roberto Mohamed d\u00e1 dicas de como escolher um plano de previd\u00eancia privada. Ele \u00e9 um dos maiores especialistas&#8230;<\/p>\n","protected":false},"author":4,"featured_media":0,"comment_status":"closed","ping_status":"closed","sticky":false,"template":"","format":"standard","meta":{"footnotes":""},"categories":[31],"tags":[],"class_list":["post-7880","post","type-post","status-publish","format-standard","hentry","category-noticias"],"_links":{"self":[{"href":"https:\/\/jusprev.org.br\/backup\/wp-json\/wp\/v2\/posts\/7880","targetHints":{"allow":["GET"]}}],"collection":[{"href":"https:\/\/jusprev.org.br\/backup\/wp-json\/wp\/v2\/posts"}],"about":[{"href":"https:\/\/jusprev.org.br\/backup\/wp-json\/wp\/v2\/types\/post"}],"author":[{"embeddable":true,"href":"https:\/\/jusprev.org.br\/backup\/wp-json\/wp\/v2\/users\/4"}],"replies":[{"embeddable":true,"href":"https:\/\/jusprev.org.br\/backup\/wp-json\/wp\/v2\/comments?post=7880"}],"version-history":[{"count":0,"href":"https:\/\/jusprev.org.br\/backup\/wp-json\/wp\/v2\/posts\/7880\/revisions"}],"wp:attachment":[{"href":"https:\/\/jusprev.org.br\/backup\/wp-json\/wp\/v2\/media?parent=7880"}],"wp:term":[{"taxonomy":"category","embeddable":true,"href":"https:\/\/jusprev.org.br\/backup\/wp-json\/wp\/v2\/categories?post=7880"},{"taxonomy":"post_tag","embeddable":true,"href":"https:\/\/jusprev.org.br\/backup\/wp-json\/wp\/v2\/tags?post=7880"}],"curies":[{"name":"wp","href":"https:\/\/api.w.org\/{rel}","templated":true}]}}