{"id":7885,"date":"2014-05-22T10:59:50","date_gmt":"2014-05-22T13:59:50","guid":{"rendered":"https:\/\/jusprev.org.br\/backup\/?p=7885"},"modified":"2014-05-22T10:59:50","modified_gmt":"2014-05-22T13:59:50","slug":"jusprev-ainda-recebe-inscricoes-para-o-treinamento-de-capacitacao-dos-funcionarios-e-diretores-das-associacoes-instituidoras","status":"publish","type":"post","link":"https:\/\/jusprev.org.br\/backup\/jusprev-ainda-recebe-inscricoes-para-o-treinamento-de-capacitacao-dos-funcionarios-e-diretores-das-associacoes-instituidoras\/","title":{"rendered":"JUSPREV ainda recebe inscri\u00e7\u00f5es para o Treinamento de Capacita\u00e7\u00e3o dos Funcion\u00e1rios e Diretores das Associa\u00e7\u00f5es Instituidoras"},"content":{"rendered":"<p style=\"text-align: justify;\">A JUSPREV est\u00e1 recebendo inscri\u00e7\u00f5es para o Treinamento de Capacita\u00e7\u00e3o dos Funcion\u00e1rios e Diretores das Associa\u00e7\u00f5es Instituidoras, que acontecer\u00e1 entre os dias 28 e 30 de maio, em Curitiba-PR.<\/p>\n<p style=\"text-align: justify;\">O treinamento proporcionar\u00e1 o conhecimento sobre o Estatuto da JUSPREV e o Regulamento do PLANJUS objetivando o aprendizado de assuntos relacionados \u00e0 previd\u00eancia complementar fechada, visando a maior qualidade no atendimento aos associados que se interessarem na ades\u00e3o ao plano de benef\u00edcios previdenci\u00e1rios institu\u00eddo exclusivamente para a classe.<\/p>\n<p style=\"text-align: justify;\">As inscri\u00e7\u00f5es podem ser feitas pelo telefone (41) 3252-3400 ou atrav\u00e9s do e-mail institucional@jusprev.org.br .<\/p>\n","protected":false},"excerpt":{"rendered":"<p>A JUSPREV est\u00e1 recebendo inscri\u00e7\u00f5es para o Treinamento de Capacita\u00e7\u00e3o dos Funcion\u00e1rios e Diretores das Associa\u00e7\u00f5es Instituidoras, que acontecer\u00e1 entre os dias 28 e 30 de maio, em Curitiba-PR. O&#8230;<\/p>\n","protected":false},"author":4,"featured_media":0,"comment_status":"closed","ping_status":"closed","sticky":false,"template":"","format":"standard","meta":{"footnotes":""},"categories":[31],"tags":[],"class_list":["post-7885","post","type-post","status-publish","format-standard","hentry","category-noticias"],"_links":{"self":[{"href":"https:\/\/jusprev.org.br\/backup\/wp-json\/wp\/v2\/posts\/7885","targetHints":{"allow":["GET"]}}],"collection":[{"href":"https:\/\/jusprev.org.br\/backup\/wp-json\/wp\/v2\/posts"}],"about":[{"href":"https:\/\/jusprev.org.br\/backup\/wp-json\/wp\/v2\/types\/post"}],"author":[{"embeddable":true,"href":"https:\/\/jusprev.org.br\/backup\/wp-json\/wp\/v2\/users\/4"}],"replies":[{"embeddable":true,"href":"https:\/\/jusprev.org.br\/backup\/wp-json\/wp\/v2\/comments?post=7885"}],"version-history":[{"count":0,"href":"https:\/\/jusprev.org.br\/backup\/wp-json\/wp\/v2\/posts\/7885\/revisions"}],"wp:attachment":[{"href":"https:\/\/jusprev.org.br\/backup\/wp-json\/wp\/v2\/media?parent=7885"}],"wp:term":[{"taxonomy":"category","embeddable":true,"href":"https:\/\/jusprev.org.br\/backup\/wp-json\/wp\/v2\/categories?post=7885"},{"taxonomy":"post_tag","embeddable":true,"href":"https:\/\/jusprev.org.br\/backup\/wp-json\/wp\/v2\/tags?post=7885"}],"curies":[{"name":"wp","href":"https:\/\/api.w.org\/{rel}","templated":true}]}}