{"id":7888,"date":"2014-05-23T15:29:19","date_gmt":"2014-05-23T18:29:19","guid":{"rendered":"https:\/\/jusprev.org.br\/backup\/?p=7888"},"modified":"2014-05-23T15:29:19","modified_gmt":"2014-05-23T18:29:19","slug":"previdencia-privada-volta-ao-radar-de-investimentos","status":"publish","type":"post","link":"https:\/\/jusprev.org.br\/backup\/previdencia-privada-volta-ao-radar-de-investimentos\/","title":{"rendered":"Previd\u00eancia privada volta ao radar de investimentos"},"content":{"rendered":"<p style=\"text-align: justify;\">Juro a 11%, de volta aos n\u00edveis de 2011, e proximidade do fim do ciclo de alta da taxa Selic. Uma combina\u00e7\u00e3o que, ao pressupor um cen\u00e1rio menos turbulento para as aplica\u00e7\u00f5es financeiras, especialmente a renda fixa, fez voltar o apetite pela previd\u00eancia privada mais conservadora. Em abril, os fundos que recebem recursos de planos PGBL e VGBL tiveram uma acelera\u00e7\u00e3o no ritmo de capta\u00e7\u00e3o, ao atrair R$ 2,31 bilh\u00f5es, volume 36,7% maior se comparado com o registrado em mar\u00e7o. As informa\u00e7\u00f5es s\u00e3o do jornal\u00a0<em>Valor Econ\u00f4mico<\/em>.<\/p>\n<p style=\"text-align: justify;\">Como de praxe, o fluxo foi concentrado no segmento de renda fixa, com R$ 2,74 bilh\u00f5es, aponta pesquisa realizada pelas consultorias NetQuant e Towers Watson.<\/p>\n<p style=\"text-align: justify;\">A retomada das aplica\u00e7\u00f5es vem ap\u00f3s um 2013 e in\u00edcio de ano muito ruim. No ano passado, os gestores, obrigados por uma resolu\u00e7\u00e3o do governo a iniciar o alongamento do prazo m\u00e9dio de suas carteiras, com exposi\u00e7\u00e3o maior em t\u00edtulos prefixados e mais longos, foram pegos no contrap\u00e9 pela volta do ciclo de alta de juro, o que minou a rentabilidade dos fundos e levou \u00e0 fuga de investidores. Em julho, pela primeira vez em cinco anos, os saques superaram as aplica\u00e7\u00f5es, movimento visto novamente no in\u00edcio deste ano.<\/p>\n<p style=\"text-align: justify;\">Agora, apontam os especialistas, tudo indica que o per\u00edodo de forte instabilidade, pelo menos para a renda fixa, ficou para tr\u00e1s.<\/p>\n<p style=\"text-align: justify;\">fonte:\u00a0www.previdenciatotal.com.br<\/p>\n","protected":false},"excerpt":{"rendered":"<p>Juro a 11%, de volta aos n\u00edveis de 2011, e proximidade do fim do ciclo de alta da taxa Selic. Uma combina\u00e7\u00e3o que, ao pressupor um cen\u00e1rio menos turbulento para&#8230;<\/p>\n","protected":false},"author":4,"featured_media":0,"comment_status":"closed","ping_status":"closed","sticky":false,"template":"","format":"standard","meta":{"footnotes":""},"categories":[31],"tags":[],"class_list":["post-7888","post","type-post","status-publish","format-standard","hentry","category-noticias"],"_links":{"self":[{"href":"https:\/\/jusprev.org.br\/backup\/wp-json\/wp\/v2\/posts\/7888","targetHints":{"allow":["GET"]}}],"collection":[{"href":"https:\/\/jusprev.org.br\/backup\/wp-json\/wp\/v2\/posts"}],"about":[{"href":"https:\/\/jusprev.org.br\/backup\/wp-json\/wp\/v2\/types\/post"}],"author":[{"embeddable":true,"href":"https:\/\/jusprev.org.br\/backup\/wp-json\/wp\/v2\/users\/4"}],"replies":[{"embeddable":true,"href":"https:\/\/jusprev.org.br\/backup\/wp-json\/wp\/v2\/comments?post=7888"}],"version-history":[{"count":0,"href":"https:\/\/jusprev.org.br\/backup\/wp-json\/wp\/v2\/posts\/7888\/revisions"}],"wp:attachment":[{"href":"https:\/\/jusprev.org.br\/backup\/wp-json\/wp\/v2\/media?parent=7888"}],"wp:term":[{"taxonomy":"category","embeddable":true,"href":"https:\/\/jusprev.org.br\/backup\/wp-json\/wp\/v2\/categories?post=7888"},{"taxonomy":"post_tag","embeddable":true,"href":"https:\/\/jusprev.org.br\/backup\/wp-json\/wp\/v2\/tags?post=7888"}],"curies":[{"name":"wp","href":"https:\/\/api.w.org\/{rel}","templated":true}]}}