{"id":7893,"date":"2014-05-26T13:56:51","date_gmt":"2014-05-26T16:56:51","guid":{"rendered":"https:\/\/jusprev.org.br\/backup\/?p=7893"},"modified":"2014-05-26T13:56:51","modified_gmt":"2014-05-26T16:56:51","slug":"xiv-encontro-nacional-da-anfip-previdencia-do-servidor-e-tema-de-discussao","status":"publish","type":"post","link":"https:\/\/jusprev.org.br\/backup\/xiv-encontro-nacional-da-anfip-previdencia-do-servidor-e-tema-de-discussao\/","title":{"rendered":"XIV Encontro Nacional da ANFIP: Previd\u00eancia do servidor \u00e9 tema de discuss\u00e3o"},"content":{"rendered":"<p style=\"text-align: justify;\"><a href=\"https:\/\/jusprev.org.br\/backup\/wp-content\/uploads\/2014\/05\/Deh-evento-ANFIP.jpg\"><img loading=\"lazy\" decoding=\"async\" class=\" wp-image-7894 alignleft\" alt=\"Deh evento ANFIP\" src=\"https:\/\/jusprev.org.br\/backup\/wp-content\/uploads\/2014\/05\/Deh-evento-ANFIP.jpg\" width=\"346\" height=\"230\" \/><\/a>A gerente Geral da Jusprev, Deborah Nogueira Traldi Maggio, e o diretor de Seguridade da Funpresp (Funda\u00e7\u00e3o de Previd\u00eancia Complementar do Servidor P\u00fablico Federal), Jos\u00e9 Pinheiro de Miranda, foram os convidados do Painel Previd\u00eancia do Servidor P\u00fablico, dentro da programa\u00e7\u00e3o do XIV Encontro Nacional, nesta sexta-feira (23)\u00a0 em S\u00e3o Paulo. A discuss\u00e3o foi coordenada pela vice-presidente de Assuntos da Seguridade Social da ANFIP, Tereza Lidu\u00edna Santiago F\u00e9lix.<\/p>\n<p style=\"text-align: justify;\">Deborah Traldi detalhou o funcionamento da Jusprev, enfatizando as vantagens da previd\u00eancia associativa do Minist\u00e9rio P\u00fablico e da Justi\u00e7a brasileira, da qual os associados da ANFIP tamb\u00e9m t\u00eam o direito de participar. \u201c\u00c9 uma entidade fechada de previd\u00eancia. Hoje j\u00e1 temos 56 associa\u00e7\u00f5es instituidoras, dentre elas a ANFIP.\u201d Segundo ela, se todos os integrantes das 56 entidades aderirem, a Jusprev ter\u00e1 120 mil participantes. \u201c\u00c9 uma previd\u00eancia segura e de credibilidade\u201d, confirmou Maggio, lembrando que o patrim\u00f4nio atual da Jusprev \u00e9 de R$ 71,5 milh\u00f5es.<\/p>\n<p style=\"text-align: justify;\">J\u00e1 Jos\u00e9 Pinheiro de Miranda informou que, embora criada recentemente, em 2012 a Funpresp j\u00e1 conta com 3,5 mil associados nos poderes Executivo e Legislativo, com arrecada\u00e7\u00e3o mensal de R$ 2,2 milh\u00f5es. \u201cA grande vantagem \u00e9 a contrapartida da Uni\u00e3o\u201d, observou. Segundo Miranda, as taxas da Funpresp s\u00e3o melhores que as dos bancos: \u201c\u00c9 vantajoso fazer portabilidade.\u201d Ele reconheceu a pol\u00eamica sobre a cria\u00e7\u00e3o da Funda\u00e7\u00e3o: \u201cSabemos que o debate sobre a institui\u00e7\u00e3o foi intenso, mas estamos aqui para tentar executar, frente \u00e0 realidade, o melhor que possa ser um modelo de prote\u00e7\u00e3o previdenci\u00e1ria ao servidor.\u201d<\/p>\n<p style=\"text-align: justify;\">fonte: www.anfip.org.br<\/p>\n","protected":false},"excerpt":{"rendered":"<p>A gerente Geral da Jusprev, Deborah Nogueira Traldi Maggio, e o diretor de Seguridade da Funpresp (Funda\u00e7\u00e3o de Previd\u00eancia Complementar do Servidor P\u00fablico Federal), Jos\u00e9 Pinheiro de Miranda, foram os&#8230;<\/p>\n","protected":false},"author":4,"featured_media":0,"comment_status":"closed","ping_status":"closed","sticky":false,"template":"","format":"standard","meta":{"footnotes":""},"categories":[31],"tags":[],"class_list":["post-7893","post","type-post","status-publish","format-standard","hentry","category-noticias"],"_links":{"self":[{"href":"https:\/\/jusprev.org.br\/backup\/wp-json\/wp\/v2\/posts\/7893","targetHints":{"allow":["GET"]}}],"collection":[{"href":"https:\/\/jusprev.org.br\/backup\/wp-json\/wp\/v2\/posts"}],"about":[{"href":"https:\/\/jusprev.org.br\/backup\/wp-json\/wp\/v2\/types\/post"}],"author":[{"embeddable":true,"href":"https:\/\/jusprev.org.br\/backup\/wp-json\/wp\/v2\/users\/4"}],"replies":[{"embeddable":true,"href":"https:\/\/jusprev.org.br\/backup\/wp-json\/wp\/v2\/comments?post=7893"}],"version-history":[{"count":0,"href":"https:\/\/jusprev.org.br\/backup\/wp-json\/wp\/v2\/posts\/7893\/revisions"}],"wp:attachment":[{"href":"https:\/\/jusprev.org.br\/backup\/wp-json\/wp\/v2\/media?parent=7893"}],"wp:term":[{"taxonomy":"category","embeddable":true,"href":"https:\/\/jusprev.org.br\/backup\/wp-json\/wp\/v2\/categories?post=7893"},{"taxonomy":"post_tag","embeddable":true,"href":"https:\/\/jusprev.org.br\/backup\/wp-json\/wp\/v2\/tags?post=7893"}],"curies":[{"name":"wp","href":"https:\/\/api.w.org\/{rel}","templated":true}]}}