{"id":7906,"date":"2014-06-02T14:52:28","date_gmt":"2014-06-02T17:52:28","guid":{"rendered":"https:\/\/jusprev.org.br\/backup\/?p=7906"},"modified":"2014-06-02T14:52:28","modified_gmt":"2014-06-02T17:52:28","slug":"treinamento-para-capacitacao-de-funcionarios-e-diretores-das-associacoes-instituidoras-e-realizado-em-curitiba","status":"publish","type":"post","link":"https:\/\/jusprev.org.br\/backup\/treinamento-para-capacitacao-de-funcionarios-e-diretores-das-associacoes-instituidoras-e-realizado-em-curitiba\/","title":{"rendered":"Treinamento para Capacita\u00e7\u00e3o de Funcion\u00e1rios e Diretores das Associa\u00e7\u00f5es Instituidoras \u00e9 realizado em Curitiba"},"content":{"rendered":"<p style=\"text-align: justify;\"><a href=\"https:\/\/jusprev.org.br\/backup\/wp-content\/uploads\/2014\/06\/DSC00869.jpg\"><img loading=\"lazy\" decoding=\"async\" class=\" wp-image-7908 alignleft\" alt=\"DSC00869\" src=\"https:\/\/jusprev.org.br\/backup\/wp-content\/uploads\/2014\/06\/DSC00869.jpg\" width=\"384\" height=\"263\" \/><\/a>Nos dias 28, 29\u00a0 e 30 de maio a JUSPREV realizou o Treinamento para Capacita\u00e7\u00e3o de Funcion\u00e1rios e Diretores das Associa\u00e7\u00f5es Instituidoras, no Bristol Centro C\u00edvico Hotel, em Curitiba. O treinamento \u00e9 um dos projetos que contemplam o Programa de Educa\u00e7\u00e3o Financeira e Previdenci\u00e1ria da entidade, que objetiva o aprendizado de assuntos relacionados \u00e0 previd\u00eancia complementar fechada, visando a melhoria da qualidade no atendimento aos associados das Instituidoras (p\u00fablico potencial da JUSPREV) que se interessarem na ades\u00e3o ao plano de benef\u00edcios previdenci\u00e1rios institu\u00eddo exclusivamente para a classe, cabe ressaltar que este treinamento \u00e9 realizado tamb\u00e9m pela JUSPREV em todo territ\u00f3rio nacional.<\/p>\n<p style=\"text-align: justify;\">O evento, que contou com a participa\u00e7\u00e3o de representantes vindos de 8 Associa\u00e7\u00f5es Instituidoras de diversos estados do pa\u00eds, foi ministrado pela Gerente Geral da JUSPREV, Deborah Traldi Maggio que apresentou todo o conte\u00fado institucional. J\u00e1 a Coordenadora de Relacionamento, Glaucia Mur\u00e7a conduziu o treinamento operacional, que nessa edi\u00e7\u00e3o trouxe uma novidade onde os participantes puderam realizar uma din\u00e2mica simulando atendimentos aos associados. O superintendente comercial da Mongeral Aegon, Luiz Dib, finalizou as apresenta\u00e7\u00f5es oferecendo dicas e estrat\u00e9gias para elevar o aproveitamento nos contatos realizados.<\/p>\n<p style=\"text-align: justify;\">Os participantes puderam agregar muita informa\u00e7\u00e3o, e se capacitarem para o melhor atendimento aos seus associados. Conforme, Claudia Midori, que representou a Associa\u00e7\u00e3o Paulista de Magistrados, o treinamento trouxe muitas informa\u00e7\u00f5es, as quais levar\u00e1 para a associa\u00e7\u00e3o e junto com o departamento de comunica\u00e7\u00e3o pretende montar um plano de a\u00e7\u00e3o para poder levar ao conhecimento dos associados os benef\u00edcios oferecidos pela JUSPREV.<\/p>\n","protected":false},"excerpt":{"rendered":"<p>Nos dias 28, 29\u00a0 e 30 de maio a JUSPREV realizou o Treinamento para Capacita\u00e7\u00e3o de Funcion\u00e1rios e Diretores das Associa\u00e7\u00f5es Instituidoras, no Bristol Centro C\u00edvico Hotel, em Curitiba. O&#8230;<\/p>\n","protected":false},"author":4,"featured_media":0,"comment_status":"closed","ping_status":"closed","sticky":false,"template":"","format":"standard","meta":{"footnotes":""},"categories":[31],"tags":[],"class_list":["post-7906","post","type-post","status-publish","format-standard","hentry","category-noticias"],"_links":{"self":[{"href":"https:\/\/jusprev.org.br\/backup\/wp-json\/wp\/v2\/posts\/7906","targetHints":{"allow":["GET"]}}],"collection":[{"href":"https:\/\/jusprev.org.br\/backup\/wp-json\/wp\/v2\/posts"}],"about":[{"href":"https:\/\/jusprev.org.br\/backup\/wp-json\/wp\/v2\/types\/post"}],"author":[{"embeddable":true,"href":"https:\/\/jusprev.org.br\/backup\/wp-json\/wp\/v2\/users\/4"}],"replies":[{"embeddable":true,"href":"https:\/\/jusprev.org.br\/backup\/wp-json\/wp\/v2\/comments?post=7906"}],"version-history":[{"count":0,"href":"https:\/\/jusprev.org.br\/backup\/wp-json\/wp\/v2\/posts\/7906\/revisions"}],"wp:attachment":[{"href":"https:\/\/jusprev.org.br\/backup\/wp-json\/wp\/v2\/media?parent=7906"}],"wp:term":[{"taxonomy":"category","embeddable":true,"href":"https:\/\/jusprev.org.br\/backup\/wp-json\/wp\/v2\/categories?post=7906"},{"taxonomy":"post_tag","embeddable":true,"href":"https:\/\/jusprev.org.br\/backup\/wp-json\/wp\/v2\/tags?post=7906"}],"curies":[{"name":"wp","href":"https:\/\/api.w.org\/{rel}","templated":true}]}}