{"id":7961,"date":"2014-06-24T11:03:19","date_gmt":"2014-06-24T14:03:19","guid":{"rendered":"https:\/\/jusprev.org.br\/backup\/?p=7961"},"modified":"2014-06-24T11:03:19","modified_gmt":"2014-06-24T14:03:19","slug":"investimento-em-aposentadoria-pode-ser-opcao-para-os-filhos","status":"publish","type":"post","link":"https:\/\/jusprev.org.br\/backup\/investimento-em-aposentadoria-pode-ser-opcao-para-os-filhos\/","title":{"rendered":"Investimento em aposentadoria pode ser op\u00e7\u00e3o para os filhos"},"content":{"rendered":"<p style=\"text-align: justify;\">\n<p style=\"text-align: justify;\">Jo\u00e3o Henrique Tavares tem um plano de aposentadoria que foi contratado h\u00e1 cerca de um ano. A expectativa \u00e9 garantir um futuro tranquilo depois do fim da carreira ativa no trabalho. S\u00f3 falta Jo\u00e3o definir qual carreira seguir. E come\u00e7ar a trabalhar. \u00c9 que o menino tem apenas dois anos de idade. O plano de previd\u00eancia foi um presente do pai, Jo\u00e3o Marcos.<\/p>\n<p style=\"text-align: justify;\">\u201cQuando eu comento o assunto, muitos dizem que sou maluco, exagerado. Mas \u00e9 s\u00f3 conversar e mostrar que estou sendo prudente. J\u00e1 convenci pelo menos tr\u00eas pessoas a fazerem o mesmo com filhos pequenos ou que ainda n\u00e3o tinham nem nascido\u201d, conta Jo\u00e3o Marcos, que atua como corretor de im\u00f3veis.<\/p>\n<p style=\"text-align: justify;\">\u201cQuando eu comento o assunto, muitos dizem que sou maluco, exagerado. Mas \u00e9 s\u00f3 conversar e mostrar que estou sendo prudente. J\u00e1 convenci pelo menos tr\u00eas pessoas a fazerem o mesmo com filhos pequenos ou que ainda n\u00e3o tinham nem nascido\u201d, conta Jo\u00e3o Marcos, que atua como corretor de im\u00f3veis.<\/p>\n<p style=\"text-align: justify;\">O pai conta que a decis\u00e3o de investir no plano de previd\u00eancia para o filho veio ap\u00f3s muita pesquisa. Desde antes do nascimento do beb\u00ea, ele e a esposa, Marta, sempre tiveram a certeza de que fariam um investimento buscando retorno para o filho em longo prazo. O plano de previd\u00eancia foi considerado como a op\u00e7\u00e3o mais vantajosa.<\/p>\n<p style=\"text-align: justify;\">\u201cHoje eu pago R$ 100 por m\u00eas, \u00e9 um dinheiro que eu posso investir sem complicar as contas da fam\u00edlia. Quando ele estiver maior, certamente esse dinheiro ter\u00e1 se multiplicado, e ele vai poder escolher tamb\u00e9m se vai manter o plano ou resgatar\u201d, pontua Jo\u00e3o Marcos.<\/p>\n<p style=\"text-align: justify;\">Segundo o contrato assinado, o plano ser\u00e1 administrado pelos pais de Jo\u00e3o Henrique at\u00e9 que o menino complete 16 anos. Depois disso, a responsabilidade pela administra\u00e7\u00e3o \u00e9 dividida, entre o jovem e os respons\u00e1veis. A partir dos 18 anos a administra\u00e7\u00e3o do plano \u00e9 de responsabilidade do titular.<\/p>\n<p style=\"text-align: justify;\">O consultor de carreiras Jo\u00e3o Xavier, diretor geral da Ricardo Xavier Recursos Humanos, conta que n\u00e3o \u00e9 comum pessoas que investem em planos de previd\u00eancia para filhos pequenos. Ele acredita que \u00e9 improv\u00e1vel que isso se torne uma tend\u00eancia, mas afirma que v\u00ea a modalidade de investimento como algo muito vantajoso.<\/p>\n<p style=\"text-align: justify;\">\u201cEm geral, o brasileiro poupa muito pouco. \u00c9 normal ver pessoas que gastam tudo o que ganham. Vejo com bons olhos que alguns pais pensem diferente e invistam dessa forma em nome dos filhos. \u00c9 prov\u00e1vel que essa crian\u00e7a cres\u00e7a com um entendimento melhor da import\u00e2ncia de poupar e investir\u201d, acredita.<\/p>\n<p style=\"text-align: justify;\">Xavier lembra ainda que h\u00e1 outros tipos de investimentos feitos de pais para filhos, esses mais comuns. N\u00e3o \u00e9 raro, por exemplo, ver fam\u00edlias que criam uma poupan\u00e7a e depositam dinheiro regularmente ou eventualmente visando um objetivo futuro, como a realiza\u00e7\u00e3o de uma faculdade.<\/p>\n<p style=\"text-align: justify;\">\u201c\u00c9 uma forma de antecipar o custeio de um curso, diluindo os gastos em dez ou 15 anos, por exemplo. De uma forma geral, poupar \u00e9 muito bom e ter um objetivo por tr\u00e1s \u00e9 ainda mais interessante. Num caso como esse, a crian\u00e7a pode receber informa\u00e7\u00f5es sobre aquele investimento enquanto cresce e passa a participar junto\u201d, explica.<\/p>\n<p style=\"text-align: justify;\">\u201cQuanto antes a pessoa come\u00e7ar a poupar e se preparar para a aposentadoria \u00e9 melhor. Vale lembrar que a expectativa de vida do brasileiro est\u00e1 crescendo muito e \u00e9 prov\u00e1vel que uma crian\u00e7a de hoje viva muitos e muitos anos. Todos v\u00e3o querer ter melhor qualidade de vida na terceira idade\u201d, conclui.<\/p>\n<p style=\"text-align: justify;\">fonte:\u00a0www.previ.com.br<\/p>\n","protected":false},"excerpt":{"rendered":"<p>Jo\u00e3o Henrique Tavares tem um plano de aposentadoria que foi contratado h\u00e1 cerca de um ano. A expectativa \u00e9 garantir um futuro tranquilo depois do fim da carreira ativa no&#8230;<\/p>\n","protected":false},"author":4,"featured_media":0,"comment_status":"closed","ping_status":"closed","sticky":false,"template":"","format":"standard","meta":{"footnotes":""},"categories":[31],"tags":[],"class_list":["post-7961","post","type-post","status-publish","format-standard","hentry","category-noticias"],"_links":{"self":[{"href":"https:\/\/jusprev.org.br\/backup\/wp-json\/wp\/v2\/posts\/7961","targetHints":{"allow":["GET"]}}],"collection":[{"href":"https:\/\/jusprev.org.br\/backup\/wp-json\/wp\/v2\/posts"}],"about":[{"href":"https:\/\/jusprev.org.br\/backup\/wp-json\/wp\/v2\/types\/post"}],"author":[{"embeddable":true,"href":"https:\/\/jusprev.org.br\/backup\/wp-json\/wp\/v2\/users\/4"}],"replies":[{"embeddable":true,"href":"https:\/\/jusprev.org.br\/backup\/wp-json\/wp\/v2\/comments?post=7961"}],"version-history":[{"count":0,"href":"https:\/\/jusprev.org.br\/backup\/wp-json\/wp\/v2\/posts\/7961\/revisions"}],"wp:attachment":[{"href":"https:\/\/jusprev.org.br\/backup\/wp-json\/wp\/v2\/media?parent=7961"}],"wp:term":[{"taxonomy":"category","embeddable":true,"href":"https:\/\/jusprev.org.br\/backup\/wp-json\/wp\/v2\/categories?post=7961"},{"taxonomy":"post_tag","embeddable":true,"href":"https:\/\/jusprev.org.br\/backup\/wp-json\/wp\/v2\/tags?post=7961"}],"curies":[{"name":"wp","href":"https:\/\/api.w.org\/{rel}","templated":true}]}}