{"id":7977,"date":"2014-06-27T11:22:05","date_gmt":"2014-06-27T14:22:05","guid":{"rendered":"https:\/\/jusprev.org.br\/backup\/?p=7977"},"modified":"2014-06-27T11:22:05","modified_gmt":"2014-06-27T14:22:05","slug":"aposentadoria-do-brasil-e-a-segunda-mais-fragil-do-mundo","status":"publish","type":"post","link":"https:\/\/jusprev.org.br\/backup\/aposentadoria-do-brasil-e-a-segunda-mais-fragil-do-mundo\/","title":{"rendered":"Aposentadoria do Brasil \u00e9 a segunda mais fr\u00e1gil do mundo"},"content":{"rendered":"<p style=\"text-align: justify;\"><em>Segundo estudo da seguradora internacional Allianz, o Brasil possui um dos sistemas previdenci\u00e1rio com o maior risco de quebrar em pouco tempo.<\/em><\/p>\n<p style=\"text-align: justify;\">Para evitar que a Previd\u00eancia Social do Pa\u00eds entre em colapso nas pr\u00f3ximas tr\u00eas d\u00e9cadas, aumentar a idade m\u00ednima para aposentadoria \u00e9 uma delas. \u00c9 o que define um estudo feito pela seguradora internacional Allianz.<\/p>\n<p style=\"text-align: justify;\">A pesquisa mostrou que os brasileiros se aposentam, em m\u00e9dia, aos 55 anos. Entre 50 pa\u00edses analisados, o Brasil aparece na segunda posi\u00e7\u00e3o no ranking dos sistemas de pagamentos de benef\u00edcios previdenci\u00e1rios com o maior risco de quebrar.<\/p>\n<p style=\"text-align: justify;\">Isso ocorre por dois principais motivos: os brasileiros se aposentam cedo e o n\u00famero de contribuintes diminuir\u00e1 devido ao envelhecimento da popula\u00e7\u00e3o nos pr\u00f3ximos 30 anos.<\/p>\n<p style=\"text-align: justify;\">A idade m\u00e9dia brasileira para se aposentar \u00e9 baixa quando comparada \u00e0 de habitantes de pa\u00edses que est\u00e3o no topo da lista dos melhores sistemas, como a Austr\u00e1lia, onde o benef\u00edcio costuma ser pago a partir dos 65 anos. S\u00f3 na Turquia e na Tail\u00e2ndia (a pior do ranking) a m\u00e9dia \u00e9 de 55 anos.<\/p>\n<p style=\"text-align: justify;\">Os pa\u00edses que encabe\u00e7am a lista dos que se aposentam com maior tempo de contribui\u00e7\u00e3o s\u00e3o M\u00e9xico (71); Coreia do Sul (70); Jap\u00e3o (69); Chile (67) e Nova Zel\u00e2ndia (67).<\/p>\n<p style=\"text-align: justify;\"><strong>Mudan\u00e7as<\/strong><\/p>\n<p style=\"text-align: justify;\">Para reverter esse cen\u00e1rio, segundo o estudo, o Governo deveria impor uma idade m\u00ednima para a aposentadoria. De acordo com o estudo, as iniciativas devem ser tomadas num prazo de dez ou 15 anos, afirma o economista Marcelo Caetano, do Ipea (Instituto de Pesquisa Econ\u00f4mica Aplicada).<\/p>\n<p style=\"text-align: justify;\">\u201cNo resto do mundo, dificilmente o trabalhador se aposenta com menos de 60 anos. Entre as mudan\u00e7as sugeridas, uma das mais importantes \u00e9 aumentar a idade m\u00ednima para a concess\u00e3o dos benef\u00edcios\u201c diz.<\/p>\n<p style=\"text-align: justify;\">Mas h\u00e1 outras mudan\u00e7as necess\u00e1rias, como o fim do pagamento de pens\u00f5es por morte sem a exig\u00eancia de idade m\u00ednima do benefici\u00e1rio ou a segurados que j\u00e1 t\u00eam benef\u00edcios da Previd\u00eancia, diz Caetano.<\/p>\n<p style=\"text-align: justify;\">\u201cEsse \u00e9 um vespeiro onde nenhum pol\u00edtico quer mexer, mas n\u00e3o h\u00e1 como fugir.\u201d Apesar do quadro a se configurar, estudiosos creem que os futuros aposentados se planejar\u00e3o melhor antes de pararem de trabalhar.<\/p>\n<p style=\"text-align: justify;\">Os benef\u00edcios recebidos por eles, no entanto, passar\u00e3o por diminui\u00e7\u00f5es constantes. O Minist\u00e9rio da Previd\u00eancia Social informou que n\u00e3o comentaria o resultado da pesquisa.<\/p>\n<p style=\"text-align: justify;\">Fonte: blogdosaposentados.com.br<\/p>\n","protected":false},"excerpt":{"rendered":"<p>Segundo estudo da seguradora internacional Allianz, o Brasil possui um dos sistemas previdenci\u00e1rio com o maior risco de quebrar em pouco tempo. Para evitar que a Previd\u00eancia Social do Pa\u00eds&#8230;<\/p>\n","protected":false},"author":4,"featured_media":0,"comment_status":"closed","ping_status":"closed","sticky":false,"template":"","format":"standard","meta":{"footnotes":""},"categories":[31],"tags":[],"class_list":["post-7977","post","type-post","status-publish","format-standard","hentry","category-noticias"],"_links":{"self":[{"href":"https:\/\/jusprev.org.br\/backup\/wp-json\/wp\/v2\/posts\/7977","targetHints":{"allow":["GET"]}}],"collection":[{"href":"https:\/\/jusprev.org.br\/backup\/wp-json\/wp\/v2\/posts"}],"about":[{"href":"https:\/\/jusprev.org.br\/backup\/wp-json\/wp\/v2\/types\/post"}],"author":[{"embeddable":true,"href":"https:\/\/jusprev.org.br\/backup\/wp-json\/wp\/v2\/users\/4"}],"replies":[{"embeddable":true,"href":"https:\/\/jusprev.org.br\/backup\/wp-json\/wp\/v2\/comments?post=7977"}],"version-history":[{"count":0,"href":"https:\/\/jusprev.org.br\/backup\/wp-json\/wp\/v2\/posts\/7977\/revisions"}],"wp:attachment":[{"href":"https:\/\/jusprev.org.br\/backup\/wp-json\/wp\/v2\/media?parent=7977"}],"wp:term":[{"taxonomy":"category","embeddable":true,"href":"https:\/\/jusprev.org.br\/backup\/wp-json\/wp\/v2\/categories?post=7977"},{"taxonomy":"post_tag","embeddable":true,"href":"https:\/\/jusprev.org.br\/backup\/wp-json\/wp\/v2\/tags?post=7977"}],"curies":[{"name":"wp","href":"https:\/\/api.w.org\/{rel}","templated":true}]}}