{"id":8015,"date":"2014-07-22T10:27:50","date_gmt":"2014-07-22T13:27:50","guid":{"rendered":"https:\/\/jusprev.org.br\/backup\/?p=8015"},"modified":"2014-07-22T10:27:50","modified_gmt":"2014-07-22T13:27:50","slug":"aprovadas-as-alteracoes-no-regulamento-do-planjus","status":"publish","type":"post","link":"https:\/\/jusprev.org.br\/backup\/aprovadas-as-alteracoes-no-regulamento-do-planjus\/","title":{"rendered":"Aprovadas as altera\u00e7\u00f5es no Regulamento do PLANJUS"},"content":{"rendered":"<p style=\"text-align: justify;\">Em atendimento ao princ\u00edpio da transpar\u00eancia preceituado no artigo 7\u00b0 da Lei Complementar n\u00b0 109\/2001, a JUSPREV divulga, aos seus participantes e assistidos, a aprova\u00e7\u00e3o das altera\u00e7\u00f5es propostas ao regulamento do PLANJUS.<\/p>\n<p style=\"text-align: justify;\"><a href=\"https:\/\/jusprev.org.br\/backup\/wp-content\/uploads\/2014\/07\/aprova\u00e7\u00e3o-regulamento.pdf\">Acesse aqui<\/a>, o documento com a aprova\u00e7\u00e3o das altera\u00e7\u00f5es.<\/p>\n<p style=\"text-align: justify;\"><a href=\"https:\/\/jusprev.org.br\/backup\/wp-content\/uploads\/2014\/07\/Quadro-comparativo-altera\u00e7\u00f5es-regulamento-renda-mensal-educacional-subconta.pdf\">Confira aqui<\/a>, o quadro comparativo com as altera\u00e7\u00f5es do regulamento.<\/p>\n","protected":false},"excerpt":{"rendered":"<p>Em atendimento ao princ\u00edpio da transpar\u00eancia preceituado no artigo 7\u00b0 da Lei Complementar n\u00b0 109\/2001, a JUSPREV divulga, aos seus participantes e assistidos, a aprova\u00e7\u00e3o das altera\u00e7\u00f5es propostas ao regulamento&#8230;<\/p>\n","protected":false},"author":4,"featured_media":0,"comment_status":"closed","ping_status":"closed","sticky":false,"template":"","format":"standard","meta":{"footnotes":""},"categories":[31],"tags":[],"class_list":["post-8015","post","type-post","status-publish","format-standard","hentry","category-noticias"],"_links":{"self":[{"href":"https:\/\/jusprev.org.br\/backup\/wp-json\/wp\/v2\/posts\/8015","targetHints":{"allow":["GET"]}}],"collection":[{"href":"https:\/\/jusprev.org.br\/backup\/wp-json\/wp\/v2\/posts"}],"about":[{"href":"https:\/\/jusprev.org.br\/backup\/wp-json\/wp\/v2\/types\/post"}],"author":[{"embeddable":true,"href":"https:\/\/jusprev.org.br\/backup\/wp-json\/wp\/v2\/users\/4"}],"replies":[{"embeddable":true,"href":"https:\/\/jusprev.org.br\/backup\/wp-json\/wp\/v2\/comments?post=8015"}],"version-history":[{"count":0,"href":"https:\/\/jusprev.org.br\/backup\/wp-json\/wp\/v2\/posts\/8015\/revisions"}],"wp:attachment":[{"href":"https:\/\/jusprev.org.br\/backup\/wp-json\/wp\/v2\/media?parent=8015"}],"wp:term":[{"taxonomy":"category","embeddable":true,"href":"https:\/\/jusprev.org.br\/backup\/wp-json\/wp\/v2\/categories?post=8015"},{"taxonomy":"post_tag","embeddable":true,"href":"https:\/\/jusprev.org.br\/backup\/wp-json\/wp\/v2\/tags?post=8015"}],"curies":[{"name":"wp","href":"https:\/\/api.w.org\/{rel}","templated":true}]}}