{"id":8026,"date":"2014-07-25T09:27:38","date_gmt":"2014-07-25T12:27:38","guid":{"rendered":"https:\/\/jusprev.org.br\/backup\/?p=8026"},"modified":"2014-07-25T09:27:38","modified_gmt":"2014-07-25T12:27:38","slug":"qual-o-melhor-momento-para-fazer-um-planejamento-financeiro","status":"publish","type":"post","link":"https:\/\/jusprev.org.br\/backup\/qual-o-melhor-momento-para-fazer-um-planejamento-financeiro\/","title":{"rendered":"Qual o melhor momento para fazer um planejamento financeiro?"},"content":{"rendered":"<p style=\"text-align: justify;\">Essa \u00e9 a primeira pergunta que nos fazemos quando come\u00e7amos a pensar em planejamento financeiro. Mas ser\u00e1 que existe um momento certo? Confira o v\u00eddeo.<\/p>\n<p style=\"text-align: justify;\"><a href=\"http:\/\/www.youtube.com\/watch?v=q-2K9BuqLXM\">http:\/\/www.youtube.com\/watch?v=q-2K9BuqLXM<\/a><\/p>\n<p style=\"text-align: justify;\"><strong>N\u00e3o deixe o seu futuro para depois! Conhe\u00e7a o PLANJUS e invista em voc\u00ea e na sua fam\u00edlia.<\/strong><\/p>\n<p>Conte\u00fado original:\u00a0euplanejo360.com.br<\/p>\n<p>&nbsp;<\/p>\n","protected":false},"excerpt":{"rendered":"<p>Essa \u00e9 a primeira pergunta que nos fazemos quando come\u00e7amos a pensar em planejamento financeiro. Mas ser\u00e1 que existe um momento certo? Confira o v\u00eddeo. http:\/\/www.youtube.com\/watch?v=q-2K9BuqLXM N\u00e3o deixe o seu&#8230;<\/p>\n","protected":false},"author":4,"featured_media":0,"comment_status":"closed","ping_status":"closed","sticky":false,"template":"","format":"standard","meta":{"footnotes":""},"categories":[31],"tags":[],"class_list":["post-8026","post","type-post","status-publish","format-standard","hentry","category-noticias"],"_links":{"self":[{"href":"https:\/\/jusprev.org.br\/backup\/wp-json\/wp\/v2\/posts\/8026","targetHints":{"allow":["GET"]}}],"collection":[{"href":"https:\/\/jusprev.org.br\/backup\/wp-json\/wp\/v2\/posts"}],"about":[{"href":"https:\/\/jusprev.org.br\/backup\/wp-json\/wp\/v2\/types\/post"}],"author":[{"embeddable":true,"href":"https:\/\/jusprev.org.br\/backup\/wp-json\/wp\/v2\/users\/4"}],"replies":[{"embeddable":true,"href":"https:\/\/jusprev.org.br\/backup\/wp-json\/wp\/v2\/comments?post=8026"}],"version-history":[{"count":0,"href":"https:\/\/jusprev.org.br\/backup\/wp-json\/wp\/v2\/posts\/8026\/revisions"}],"wp:attachment":[{"href":"https:\/\/jusprev.org.br\/backup\/wp-json\/wp\/v2\/media?parent=8026"}],"wp:term":[{"taxonomy":"category","embeddable":true,"href":"https:\/\/jusprev.org.br\/backup\/wp-json\/wp\/v2\/categories?post=8026"},{"taxonomy":"post_tag","embeddable":true,"href":"https:\/\/jusprev.org.br\/backup\/wp-json\/wp\/v2\/tags?post=8026"}],"curies":[{"name":"wp","href":"https:\/\/api.w.org\/{rel}","templated":true}]}}