{"id":8030,"date":"2014-07-28T10:21:35","date_gmt":"2014-07-28T13:21:35","guid":{"rendered":"https:\/\/jusprev.org.br\/backup\/?p=8030"},"modified":"2014-07-28T10:21:35","modified_gmt":"2014-07-28T13:21:35","slug":"o-que-e-ser-previdente","status":"publish","type":"post","link":"https:\/\/jusprev.org.br\/backup\/o-que-e-ser-previdente\/","title":{"rendered":"O que \u00e9 ser previdente?"},"content":{"rendered":"<p style=\"text-align: justify;\">Como, nos dias de hoje, podemos pensar um pouco mais a longo prazo? Esse v\u00eddeo nos apresenta o significado de sermos previdentes em nosso dia a dia, dando exemplos pr\u00e1ticos que voc\u00ea j\u00e1 pode estar fazendo e ainda nem sabe.<\/p>\n<p style=\"text-align: justify;\"><a href=\"https:\/\/www.youtube.com\/watch?v=06WhM63njHM\">https:\/\/www.youtube.com\/watch?v=06WhM63njHM<\/a><\/p>\n<p style=\"text-align: justify;\"><strong>N\u00e3o deixe o seu futuro para depois! Conhe\u00e7a o PLANJUS e invista em voc\u00ea e na sua fam\u00edlia.<\/strong><\/p>\n<p style=\"text-align: justify;\">Conte\u00fado original:\u00a0euplanejo360.com.br<\/p>\n","protected":false},"excerpt":{"rendered":"<p>Como, nos dias de hoje, podemos pensar um pouco mais a longo prazo? Esse v\u00eddeo nos apresenta o significado de sermos previdentes em nosso dia a dia, dando exemplos pr\u00e1ticos&#8230;<\/p>\n","protected":false},"author":4,"featured_media":0,"comment_status":"closed","ping_status":"closed","sticky":false,"template":"","format":"standard","meta":{"footnotes":""},"categories":[31],"tags":[],"class_list":["post-8030","post","type-post","status-publish","format-standard","hentry","category-noticias"],"_links":{"self":[{"href":"https:\/\/jusprev.org.br\/backup\/wp-json\/wp\/v2\/posts\/8030","targetHints":{"allow":["GET"]}}],"collection":[{"href":"https:\/\/jusprev.org.br\/backup\/wp-json\/wp\/v2\/posts"}],"about":[{"href":"https:\/\/jusprev.org.br\/backup\/wp-json\/wp\/v2\/types\/post"}],"author":[{"embeddable":true,"href":"https:\/\/jusprev.org.br\/backup\/wp-json\/wp\/v2\/users\/4"}],"replies":[{"embeddable":true,"href":"https:\/\/jusprev.org.br\/backup\/wp-json\/wp\/v2\/comments?post=8030"}],"version-history":[{"count":0,"href":"https:\/\/jusprev.org.br\/backup\/wp-json\/wp\/v2\/posts\/8030\/revisions"}],"wp:attachment":[{"href":"https:\/\/jusprev.org.br\/backup\/wp-json\/wp\/v2\/media?parent=8030"}],"wp:term":[{"taxonomy":"category","embeddable":true,"href":"https:\/\/jusprev.org.br\/backup\/wp-json\/wp\/v2\/categories?post=8030"},{"taxonomy":"post_tag","embeddable":true,"href":"https:\/\/jusprev.org.br\/backup\/wp-json\/wp\/v2\/tags?post=8030"}],"curies":[{"name":"wp","href":"https:\/\/api.w.org\/{rel}","templated":true}]}}