{"id":8032,"date":"2014-07-28T17:06:22","date_gmt":"2014-07-28T20:06:22","guid":{"rendered":"https:\/\/jusprev.org.br\/backup\/?p=8032"},"modified":"2014-07-28T17:06:22","modified_gmt":"2014-07-28T20:06:22","slug":"instituto-nacional-do-seguro-social-acumula-rombo-de-r-5242-bilhoes","status":"publish","type":"post","link":"https:\/\/jusprev.org.br\/backup\/instituto-nacional-do-seguro-social-acumula-rombo-de-r-5242-bilhoes\/","title":{"rendered":"Instituto Nacional do Seguro Social acumula rombo de R$ 524,2 bilh\u00f5es"},"content":{"rendered":"<p style=\"text-align: justify;\"><em>Envelhecimento e maior longevidade do brasileiro s\u00e3o apontados como fatores que elevam a necessidade de reforma no sistema.<\/em><\/p>\n<p style=\"text-align: justify;\">Apesar de o Brasil passar por um momento de pleno emprego, com o maior n\u00famero de trabalhadores inseridos no mercado formal e a popula\u00e7\u00e3o ainda ser jovem, as contas do Regime Geral de Previd\u00eancia Social (RGPS) acumulam deficit de R$ 524,2 bilh\u00f5es. Esse valor considera o rombo do Instituto Nacional do Seguro Social (INSS) entre 2004 e 2013. Para este ano, a proje\u00e7\u00e3o de t\u00e9cnicos do governo aponta para uma necessidade de financiamento de pelo menos mais R$ 40 bilh\u00f5es.<\/p>\n<p style=\"text-align: justify;\">E n\u00e3o h\u00e1 expectativas para que o buraco no regime geral \u2014 que agrega as contribui\u00e7\u00f5es ao INSS dos trabalhadores do setor privado e custeia as aposentadorias \u2014 diminua. Parte dos t\u00e9cnicos da Previd\u00eancia estima que o deficit ficar\u00e1 mais pr\u00f3ximo dos R$ 51,2 bilh\u00f5es de 2013. Um dos fatores que pressiona as contas do sistema previdenci\u00e1rio \u00e9 o fato de que os brasileiros est\u00e3o mais longevos. Dados do Instituto Brasileiro de Geografia e Estat\u00edstica (IBGE) indicam que a expectativa de vida no pa\u00eds \u00e9 de 73 anos, e isso implica pagamentos de benef\u00edcios por mais tempo.<\/p>\n<p>Fonte:\u00a0www.correiobraziliense.com.br<\/p>\n","protected":false},"excerpt":{"rendered":"<p>Envelhecimento e maior longevidade do brasileiro s\u00e3o apontados como fatores que elevam a necessidade de reforma no sistema. Apesar de o Brasil passar por um momento de pleno emprego, com&#8230;<\/p>\n","protected":false},"author":4,"featured_media":0,"comment_status":"closed","ping_status":"closed","sticky":false,"template":"","format":"standard","meta":{"footnotes":""},"categories":[31],"tags":[],"class_list":["post-8032","post","type-post","status-publish","format-standard","hentry","category-noticias"],"_links":{"self":[{"href":"https:\/\/jusprev.org.br\/backup\/wp-json\/wp\/v2\/posts\/8032","targetHints":{"allow":["GET"]}}],"collection":[{"href":"https:\/\/jusprev.org.br\/backup\/wp-json\/wp\/v2\/posts"}],"about":[{"href":"https:\/\/jusprev.org.br\/backup\/wp-json\/wp\/v2\/types\/post"}],"author":[{"embeddable":true,"href":"https:\/\/jusprev.org.br\/backup\/wp-json\/wp\/v2\/users\/4"}],"replies":[{"embeddable":true,"href":"https:\/\/jusprev.org.br\/backup\/wp-json\/wp\/v2\/comments?post=8032"}],"version-history":[{"count":0,"href":"https:\/\/jusprev.org.br\/backup\/wp-json\/wp\/v2\/posts\/8032\/revisions"}],"wp:attachment":[{"href":"https:\/\/jusprev.org.br\/backup\/wp-json\/wp\/v2\/media?parent=8032"}],"wp:term":[{"taxonomy":"category","embeddable":true,"href":"https:\/\/jusprev.org.br\/backup\/wp-json\/wp\/v2\/categories?post=8032"},{"taxonomy":"post_tag","embeddable":true,"href":"https:\/\/jusprev.org.br\/backup\/wp-json\/wp\/v2\/tags?post=8032"}],"curies":[{"name":"wp","href":"https:\/\/api.w.org\/{rel}","templated":true}]}}