{"id":8035,"date":"2014-07-29T11:23:52","date_gmt":"2014-07-29T14:23:52","guid":{"rendered":"https:\/\/jusprev.org.br\/backup\/?p=8035"},"modified":"2014-07-29T11:23:52","modified_gmt":"2014-07-29T14:23:52","slug":"previdencia-privada-nao-e-apenas-para-a-aposentadoria","status":"publish","type":"post","link":"https:\/\/jusprev.org.br\/backup\/previdencia-privada-nao-e-apenas-para-a-aposentadoria\/","title":{"rendered":"Previd\u00eancia Privada n\u00e3o \u00e9 apenas para a aposentadoria"},"content":{"rendered":"<p style=\"text-align: justify;\">Pois \u00e9, e n\u00e3o \u00e9 mesmo. Confira o v\u00eddeo e entenda a melhor as possibilidades que um Plano de Previd\u00eancia Privada pode oferecer para a sua vida.<\/p>\n<p style=\"text-align: justify;\"><a href=\"https:\/\/www.youtube.com\/watch?v=Xb2MbsEPEQs\">https:\/\/www.youtube.com\/watch?v=Xb2MbsEPEQs<\/a><\/p>\n<p style=\"text-align: justify;\"><strong>N\u00e3o deixe o seu futuro para depois! Conhe\u00e7a o PLANJUS e invista em voc\u00ea e na sua fam\u00edlia.<\/strong><\/p>\n<p>Conte\u00fado original:\u00a0euplanejo360.com.br<\/p>\n","protected":false},"excerpt":{"rendered":"<p>Pois \u00e9, e n\u00e3o \u00e9 mesmo. Confira o v\u00eddeo e entenda a melhor as possibilidades que um Plano de Previd\u00eancia Privada pode oferecer para a sua vida. https:\/\/www.youtube.com\/watch?v=Xb2MbsEPEQs N\u00e3o deixe&#8230;<\/p>\n","protected":false},"author":4,"featured_media":0,"comment_status":"closed","ping_status":"closed","sticky":false,"template":"","format":"standard","meta":{"footnotes":""},"categories":[31],"tags":[],"class_list":["post-8035","post","type-post","status-publish","format-standard","hentry","category-noticias"],"_links":{"self":[{"href":"https:\/\/jusprev.org.br\/backup\/wp-json\/wp\/v2\/posts\/8035","targetHints":{"allow":["GET"]}}],"collection":[{"href":"https:\/\/jusprev.org.br\/backup\/wp-json\/wp\/v2\/posts"}],"about":[{"href":"https:\/\/jusprev.org.br\/backup\/wp-json\/wp\/v2\/types\/post"}],"author":[{"embeddable":true,"href":"https:\/\/jusprev.org.br\/backup\/wp-json\/wp\/v2\/users\/4"}],"replies":[{"embeddable":true,"href":"https:\/\/jusprev.org.br\/backup\/wp-json\/wp\/v2\/comments?post=8035"}],"version-history":[{"count":0,"href":"https:\/\/jusprev.org.br\/backup\/wp-json\/wp\/v2\/posts\/8035\/revisions"}],"wp:attachment":[{"href":"https:\/\/jusprev.org.br\/backup\/wp-json\/wp\/v2\/media?parent=8035"}],"wp:term":[{"taxonomy":"category","embeddable":true,"href":"https:\/\/jusprev.org.br\/backup\/wp-json\/wp\/v2\/categories?post=8035"},{"taxonomy":"post_tag","embeddable":true,"href":"https:\/\/jusprev.org.br\/backup\/wp-json\/wp\/v2\/tags?post=8035"}],"curies":[{"name":"wp","href":"https:\/\/api.w.org\/{rel}","templated":true}]}}