{"id":8043,"date":"2014-07-31T15:30:05","date_gmt":"2014-07-31T18:30:05","guid":{"rendered":"https:\/\/jusprev.org.br\/backup\/?p=8043"},"modified":"2014-07-31T15:30:05","modified_gmt":"2014-07-31T18:30:05","slug":"reuniao-do-comite-de-investimentos-e-realizada-na-jusprev-2","status":"publish","type":"post","link":"https:\/\/jusprev.org.br\/backup\/reuniao-do-comite-de-investimentos-e-realizada-na-jusprev-2\/","title":{"rendered":"Reuni\u00e3o do Comit\u00ea de Investimentos \u00e9 realizada na JUSPREV"},"content":{"rendered":"<p style=\"text-align: justify;\">No dia 30 de julho, aconteceu na JUSPREV a reuni\u00e3o do Comit\u00ea de Investimentos. Comandada pelo presidente do Comit\u00ea Dr. F\u00e1bio\u00a0Bertoli Esmanhotto, a reuni\u00e3o contou com a presen\u00e7a dos membros Dr. Marcio Humberto Gheller, Dr. Marco Aur\u00e9lio Monteiro Tuoto, Dr.\u00a0Francisco\u00a0Zanicotti e do Analista Econ\u00f4mico da JUSPREV Allan Nogueira.<\/p>\n<p style=\"text-align: justify;\">Na ocasi\u00e3o, foi realizada a an\u00e1lise das rentabilidades do fundo no primeiro semestre do ano e a perspectiva para o resultado do 2\u00ba\u00a0semestre de 2014, destacando os resultados positivos. Os integrantes do comit\u00ea acompanharam de forma intensificada as estrat\u00e9gias das\u00a0Assets BRAM &#8211; Bradesco Asset Management e DLM \u2013 Invista mediante poss\u00edvel altera\u00e7\u00e3o de mercado por se tratar de um ano\u00a0eleitoral, buscando sempre a melhor rentabilidade para os participantes do PLANJUS.<\/p>\n","protected":false},"excerpt":{"rendered":"<p>No dia 30 de julho, aconteceu na JUSPREV a reuni\u00e3o do Comit\u00ea de Investimentos. Comandada pelo presidente do Comit\u00ea Dr. F\u00e1bio\u00a0Bertoli Esmanhotto, a reuni\u00e3o contou com a presen\u00e7a dos membros&#8230;<\/p>\n","protected":false},"author":4,"featured_media":0,"comment_status":"closed","ping_status":"closed","sticky":false,"template":"","format":"standard","meta":{"footnotes":""},"categories":[31],"tags":[],"class_list":["post-8043","post","type-post","status-publish","format-standard","hentry","category-noticias"],"_links":{"self":[{"href":"https:\/\/jusprev.org.br\/backup\/wp-json\/wp\/v2\/posts\/8043","targetHints":{"allow":["GET"]}}],"collection":[{"href":"https:\/\/jusprev.org.br\/backup\/wp-json\/wp\/v2\/posts"}],"about":[{"href":"https:\/\/jusprev.org.br\/backup\/wp-json\/wp\/v2\/types\/post"}],"author":[{"embeddable":true,"href":"https:\/\/jusprev.org.br\/backup\/wp-json\/wp\/v2\/users\/4"}],"replies":[{"embeddable":true,"href":"https:\/\/jusprev.org.br\/backup\/wp-json\/wp\/v2\/comments?post=8043"}],"version-history":[{"count":0,"href":"https:\/\/jusprev.org.br\/backup\/wp-json\/wp\/v2\/posts\/8043\/revisions"}],"wp:attachment":[{"href":"https:\/\/jusprev.org.br\/backup\/wp-json\/wp\/v2\/media?parent=8043"}],"wp:term":[{"taxonomy":"category","embeddable":true,"href":"https:\/\/jusprev.org.br\/backup\/wp-json\/wp\/v2\/categories?post=8043"},{"taxonomy":"post_tag","embeddable":true,"href":"https:\/\/jusprev.org.br\/backup\/wp-json\/wp\/v2\/tags?post=8043"}],"curies":[{"name":"wp","href":"https:\/\/api.w.org\/{rel}","templated":true}]}}