{"id":8053,"date":"2014-08-26T10:39:54","date_gmt":"2014-08-26T13:39:54","guid":{"rendered":"https:\/\/jusprev.org.br\/backup\/?p=8053"},"modified":"2014-08-26T10:39:54","modified_gmt":"2014-08-26T13:39:54","slug":"jusprev-visita-coordenador-da-apamagis","status":"publish","type":"post","link":"https:\/\/jusprev.org.br\/backup\/jusprev-visita-coordenador-da-apamagis\/","title":{"rendered":"JUSPREV visita coordenador da APAMAGIS"},"content":{"rendered":"<div id=\"attachment_8054\" style=\"width: 346px\" class=\"wp-caption alignleft\"><a href=\"https:\/\/jusprev.org.br\/backup\/wp-content\/uploads\/2014\/08\/Visita-APAMAGIS.jpg\"><img loading=\"lazy\" decoding=\"async\" aria-describedby=\"caption-attachment-8054\" class=\"wp-image-8054 \" alt=\"Visita APAMAGIS\" src=\"https:\/\/jusprev.org.br\/backup\/wp-content\/uploads\/2014\/08\/Visita-APAMAGIS.jpg\" width=\"336\" height=\"189\" \/><\/a><p id=\"caption-attachment-8054\" class=\"wp-caption-text\">Dr. Fabio Aguiar Munhoz Soares em reuni\u00e3o com a gerente geral da JUSPREV, Deborah Traldi Maggio, o superintendente da APAMAGIS, Americo F\u00e1zio Filho e Claudia Midori, do Atendimento da APAMAGIS.<\/p><\/div>\n<p style=\"text-align: justify;\">\n<p style=\"text-align: justify;\">O coordenador\u00a0da APAMAGIS, Dr. Fabio Aguiar Munhoz Soares, recebeu no dia 12 de agosto, na sede da Associa\u00e7\u00e3o em S\u00e3o Paulo, a visita da gerente geral da entidade, Deborah Traldi Maggio. O objetivo do encontro foi tra\u00e7ar estrat\u00e9gias para divulgar os produtos de previd\u00eancia privada da JUSPREV e seus benef\u00edcios para os associados da APAMAGIS.<\/p>\n<p style=\"text-align: justify;\">\n<p>&nbsp;<\/p>\n","protected":false},"excerpt":{"rendered":"<p>O coordenador\u00a0da APAMAGIS, Dr. Fabio Aguiar Munhoz Soares, recebeu no dia 12 de agosto, na sede da Associa\u00e7\u00e3o em S\u00e3o Paulo, a visita da gerente geral da entidade, Deborah Traldi&#8230;<\/p>\n","protected":false},"author":4,"featured_media":0,"comment_status":"closed","ping_status":"closed","sticky":false,"template":"","format":"standard","meta":{"footnotes":""},"categories":[31],"tags":[],"class_list":["post-8053","post","type-post","status-publish","format-standard","hentry","category-noticias"],"_links":{"self":[{"href":"https:\/\/jusprev.org.br\/backup\/wp-json\/wp\/v2\/posts\/8053","targetHints":{"allow":["GET"]}}],"collection":[{"href":"https:\/\/jusprev.org.br\/backup\/wp-json\/wp\/v2\/posts"}],"about":[{"href":"https:\/\/jusprev.org.br\/backup\/wp-json\/wp\/v2\/types\/post"}],"author":[{"embeddable":true,"href":"https:\/\/jusprev.org.br\/backup\/wp-json\/wp\/v2\/users\/4"}],"replies":[{"embeddable":true,"href":"https:\/\/jusprev.org.br\/backup\/wp-json\/wp\/v2\/comments?post=8053"}],"version-history":[{"count":0,"href":"https:\/\/jusprev.org.br\/backup\/wp-json\/wp\/v2\/posts\/8053\/revisions"}],"wp:attachment":[{"href":"https:\/\/jusprev.org.br\/backup\/wp-json\/wp\/v2\/media?parent=8053"}],"wp:term":[{"taxonomy":"category","embeddable":true,"href":"https:\/\/jusprev.org.br\/backup\/wp-json\/wp\/v2\/categories?post=8053"},{"taxonomy":"post_tag","embeddable":true,"href":"https:\/\/jusprev.org.br\/backup\/wp-json\/wp\/v2\/tags?post=8053"}],"curies":[{"name":"wp","href":"https:\/\/api.w.org\/{rel}","templated":true}]}}