{"id":8063,"date":"2014-08-26T11:06:23","date_gmt":"2014-08-26T14:06:23","guid":{"rendered":"https:\/\/jusprev.org.br\/backup\/?p=8063"},"modified":"2014-08-26T11:06:23","modified_gmt":"2014-08-26T14:06:23","slug":"os-numeros-do-trimestre","status":"publish","type":"post","link":"https:\/\/jusprev.org.br\/backup\/os-numeros-do-trimestre\/","title":{"rendered":"Os n\u00fameros do trimestre"},"content":{"rendered":"<p style=\"text-align: justify;\">N\u00fameros consolidados, divulgados pela Abrapp no dia 08 de agosto, confirmam a regra segundo a qual os resultados apresentados pelos fundos de pens\u00e3o devem ser vistos respeitando a natureza de longo prazo dessas entidades, importando pouco as varia\u00e7\u00f5es positivas ou negativas de um ano ou outro. Os dados mostram que no per\u00edodo compreendido entre 2005 e mar\u00e7o \u00faltimo, isto \u00e9,\u00a0 um horizonte de tempo que inclui o primeiro trimestre, a rentabilidade acumulada nos investimentos alcan\u00e7ou os 231%, ficando muito acima, portanto, dos 178% apontados como o m\u00e1ximo exigido para cobertura das obriga\u00e7\u00f5es contidas no passivo.<\/p>\n<p style=\"text-align: justify;\">Especificamente quanto ao primeiro trimestre deste ano, os dados &#8211; que mostram uma foto e n\u00e3o o filme inteiro\u00a0 &#8211; a rentabilidade foi de 1,06%, contra uma meta atuarial de 3,48%. Tudo indica, no entanto, que a recupera\u00e7\u00e3o em andamento desde o in\u00edcio deste ano dever\u00e1 reverter em resultados provavelmente positivos ao findar o primeiro semestre.<\/p>\n<p style=\"text-align: justify;\">O consolidado estat\u00edstico revela tamb\u00e9m que os fundos de pens\u00e3o chegaram ao final de mar\u00e7o com ativos totais de R$ 679 bilh\u00f5es, equivalentes a 13,8% do PIB brasileiro.<\/p>\n<p style=\"text-align: justify;\">Outra indica\u00e7\u00e3o importante \u00e9 quanto aos ativos dos planos institu\u00eddos por associa\u00e7\u00f5es e sindicatos, a vertente de maior crescimento de nosso sistema e que evolu\u00edram\u00a0 notavelmente de R$ 1,3 bilh\u00e3o, em dezembro de 2011, para R$ 2,5 bilh\u00f5es em mar\u00e7o \u00faltimo.<\/p>\n<p style=\"text-align: justify;\">Em mar\u00e7o \u00faltimo o valor m\u00e9dio das aposentadorias programadas pagas pelos fundos de pens\u00e3o ficou em R$ 3.854, enquanto aquelas por invalidez foram de 1.619 e as\u00a0pens\u00f5es em R$ 1.831.<\/p>\n<p style=\"text-align: justify;\">Fonte:\u00a0sistemas.abrapp.org.br<\/p>\n","protected":false},"excerpt":{"rendered":"<p>N\u00fameros consolidados, divulgados pela Abrapp no dia 08 de agosto, confirmam a regra segundo a qual os resultados apresentados pelos fundos de pens\u00e3o devem ser vistos respeitando a natureza de&#8230;<\/p>\n","protected":false},"author":4,"featured_media":0,"comment_status":"closed","ping_status":"closed","sticky":false,"template":"","format":"standard","meta":{"footnotes":""},"categories":[31],"tags":[],"class_list":["post-8063","post","type-post","status-publish","format-standard","hentry","category-noticias"],"_links":{"self":[{"href":"https:\/\/jusprev.org.br\/backup\/wp-json\/wp\/v2\/posts\/8063","targetHints":{"allow":["GET"]}}],"collection":[{"href":"https:\/\/jusprev.org.br\/backup\/wp-json\/wp\/v2\/posts"}],"about":[{"href":"https:\/\/jusprev.org.br\/backup\/wp-json\/wp\/v2\/types\/post"}],"author":[{"embeddable":true,"href":"https:\/\/jusprev.org.br\/backup\/wp-json\/wp\/v2\/users\/4"}],"replies":[{"embeddable":true,"href":"https:\/\/jusprev.org.br\/backup\/wp-json\/wp\/v2\/comments?post=8063"}],"version-history":[{"count":0,"href":"https:\/\/jusprev.org.br\/backup\/wp-json\/wp\/v2\/posts\/8063\/revisions"}],"wp:attachment":[{"href":"https:\/\/jusprev.org.br\/backup\/wp-json\/wp\/v2\/media?parent=8063"}],"wp:term":[{"taxonomy":"category","embeddable":true,"href":"https:\/\/jusprev.org.br\/backup\/wp-json\/wp\/v2\/categories?post=8063"},{"taxonomy":"post_tag","embeddable":true,"href":"https:\/\/jusprev.org.br\/backup\/wp-json\/wp\/v2\/tags?post=8063"}],"curies":[{"name":"wp","href":"https:\/\/api.w.org\/{rel}","templated":true}]}}