{"id":8077,"date":"2014-09-03T15:37:07","date_gmt":"2014-09-03T18:37:07","guid":{"rendered":"https:\/\/jusprev.org.br\/backup\/?p=8077"},"modified":"2014-09-03T15:37:07","modified_gmt":"2014-09-03T18:37:07","slug":"jusprev-garante-8-lugar-no-ranking-dos-planos-instituidos","status":"publish","type":"post","link":"https:\/\/jusprev.org.br\/backup\/jusprev-garante-8-lugar-no-ranking-dos-planos-instituidos\/","title":{"rendered":"JUSPREV garante 8\u00b0 lugar no ranking dos Planos Institu\u00eddos"},"content":{"rendered":"<p style=\"text-align: justify;\">A JUSPREV, atrav\u00e9s do seu plano de benef\u00edcios previdenci\u00e1rios, o PLANJUS, conquistou o 8\u00ba lugar no ranking geral da ABRAPP, para os planos institu\u00eddos. A classifica\u00e7\u00e3o \u00e9 definida a partir do n\u00famero de participantes e do patrim\u00f4nio da entidade. A JUSPREV orgulha-se deste resultado, pois ainda \u00e9 uma entidade relativamente jovem, considerando seus 6 anos de atua\u00e7\u00e3o.<\/p>\n<p style=\"text-align: justify;\">Essa conquista deve-se, tamb\u00e9m, ao acompanhamento permanente dos investimentos onde est\u00e1 alocado o patrim\u00f4nio de nossos participantes, por meio de reuni\u00f5es frequentes de diretoria executiva, comit\u00ea de investimentos, conselho fiscal, conselho deliberativo e col\u00e9gio de instituidoras. Al\u00e9m disso, a JUSPREV tem como uma de suas principais premissas os princ\u00edpio da publicidade e da transpar\u00eancia onde todas suas decis\u00f5es s\u00e3o levadas ao conhecimento de suas instituidoras e de seus participantes.<\/p>\n<p style=\"text-align: justify;\">Para que esse resultado seja ainda melhor, a JUSPREV conta com o empenho de todas as instituidoras para divulgar o seu trabalho prospectando novos participantes para o PLANJUS, e para ter um melhor relacionamento, a entidade investe em di\u00e1logo direto com seus participantes e assistidos, pois acredita que a sociedade j\u00e1 come\u00e7a a compreender que o planejamento da aposentadoria faz parte do seu dia a dia.<\/p>\n<p style=\"text-align: justify;\"><strong>RANKING<\/strong><br \/>\nSegundo a gerente-geral, Deborah Maggio, os colaboradores e gestores ficaram felizes ao saber da nova posi\u00e7\u00e3o no ranking e seguem firmes no prop\u00f3sito de tornar a JUSPREV cada vez melhor. \u201cContinuaremos trabalhando incansavelmente para que o PLANJUS seja cada vez mais reconhecido como um plano de credibilidade que oferece alternativas para a tranquilidade e seguran\u00e7a do futuro de todos. Estar bem posicionado no ranking dos planos Institu\u00eddos \u00e9 resultado do constante enfrentamento aos desafios que encontramos diariamente.<\/p>\n<p><a href=\"https:\/\/jusprev.org.br\/backup\/wp-content\/uploads\/2014\/09\/quadro_ranking_fundos.jpg\"><img loading=\"lazy\" decoding=\"async\" class=\"wp-image-8079 aligncenter\" alt=\"quadro_ranking_fundos\" src=\"https:\/\/jusprev.org.br\/backup\/wp-content\/uploads\/2014\/09\/quadro_ranking_fundos.jpg\" width=\"614\" height=\"352\" \/><\/a><\/p>\n","protected":false},"excerpt":{"rendered":"<p>A JUSPREV, atrav\u00e9s do seu plano de benef\u00edcios previdenci\u00e1rios, o PLANJUS, conquistou o 8\u00ba lugar no ranking geral da ABRAPP, para os planos institu\u00eddos. A classifica\u00e7\u00e3o \u00e9 definida a partir&#8230;<\/p>\n","protected":false},"author":4,"featured_media":0,"comment_status":"closed","ping_status":"closed","sticky":false,"template":"","format":"standard","meta":{"footnotes":""},"categories":[31],"tags":[],"class_list":["post-8077","post","type-post","status-publish","format-standard","hentry","category-noticias"],"_links":{"self":[{"href":"https:\/\/jusprev.org.br\/backup\/wp-json\/wp\/v2\/posts\/8077","targetHints":{"allow":["GET"]}}],"collection":[{"href":"https:\/\/jusprev.org.br\/backup\/wp-json\/wp\/v2\/posts"}],"about":[{"href":"https:\/\/jusprev.org.br\/backup\/wp-json\/wp\/v2\/types\/post"}],"author":[{"embeddable":true,"href":"https:\/\/jusprev.org.br\/backup\/wp-json\/wp\/v2\/users\/4"}],"replies":[{"embeddable":true,"href":"https:\/\/jusprev.org.br\/backup\/wp-json\/wp\/v2\/comments?post=8077"}],"version-history":[{"count":0,"href":"https:\/\/jusprev.org.br\/backup\/wp-json\/wp\/v2\/posts\/8077\/revisions"}],"wp:attachment":[{"href":"https:\/\/jusprev.org.br\/backup\/wp-json\/wp\/v2\/media?parent=8077"}],"wp:term":[{"taxonomy":"category","embeddable":true,"href":"https:\/\/jusprev.org.br\/backup\/wp-json\/wp\/v2\/categories?post=8077"},{"taxonomy":"post_tag","embeddable":true,"href":"https:\/\/jusprev.org.br\/backup\/wp-json\/wp\/v2\/tags?post=8077"}],"curies":[{"name":"wp","href":"https:\/\/api.w.org\/{rel}","templated":true}]}}