{"id":8090,"date":"2014-09-10T14:33:00","date_gmt":"2014-09-10T17:33:00","guid":{"rendered":"https:\/\/jusprev.org.br\/backup\/?p=8090"},"modified":"2014-09-10T14:33:00","modified_gmt":"2014-09-10T17:33:00","slug":"jusprev-fecha-mes-de-agosto-com-otimos-resultados-na-sua-rentabilidade","status":"publish","type":"post","link":"https:\/\/jusprev.org.br\/backup\/jusprev-fecha-mes-de-agosto-com-otimos-resultados-na-sua-rentabilidade\/","title":{"rendered":"JUSPREV fecha m\u00eas de agosto com \u00f3timos resultados na sua rentabilidade"},"content":{"rendered":"<p>Mantendo a trajet\u00f3ria de recupera\u00e7\u00e3o em sua rentabilidade, o PLANJUS- Plano de Benef\u00edcios Previdenci\u00e1rios da JUSPREV, fechou o m\u00eas de agosto com \u00f3timos resultados.<\/p>\n<p><a href=\"https:\/\/jusprev.org.br\/backup\/wp-content\/uploads\/2014\/09\/Rentabilidade_JUSPREV_agosto.jpg\"><img loading=\"lazy\" decoding=\"async\" class=\"alignnone  wp-image-8091\" alt=\"Rentabilidade_JUSPREV_agosto\" src=\"https:\/\/jusprev.org.br\/backup\/wp-content\/uploads\/2014\/09\/Rentabilidade_JUSPREV_agosto.jpg\" width=\"555\" height=\"391\" \/><\/a><\/p>\n","protected":false},"excerpt":{"rendered":"<p>Mantendo a trajet\u00f3ria de recupera\u00e7\u00e3o em sua rentabilidade, o PLANJUS- Plano de Benef\u00edcios Previdenci\u00e1rios da JUSPREV, fechou o m\u00eas de agosto com \u00f3timos resultados.<\/p>\n","protected":false},"author":4,"featured_media":0,"comment_status":"closed","ping_status":"closed","sticky":false,"template":"","format":"standard","meta":{"footnotes":""},"categories":[31],"tags":[],"class_list":["post-8090","post","type-post","status-publish","format-standard","hentry","category-noticias"],"_links":{"self":[{"href":"https:\/\/jusprev.org.br\/backup\/wp-json\/wp\/v2\/posts\/8090","targetHints":{"allow":["GET"]}}],"collection":[{"href":"https:\/\/jusprev.org.br\/backup\/wp-json\/wp\/v2\/posts"}],"about":[{"href":"https:\/\/jusprev.org.br\/backup\/wp-json\/wp\/v2\/types\/post"}],"author":[{"embeddable":true,"href":"https:\/\/jusprev.org.br\/backup\/wp-json\/wp\/v2\/users\/4"}],"replies":[{"embeddable":true,"href":"https:\/\/jusprev.org.br\/backup\/wp-json\/wp\/v2\/comments?post=8090"}],"version-history":[{"count":0,"href":"https:\/\/jusprev.org.br\/backup\/wp-json\/wp\/v2\/posts\/8090\/revisions"}],"wp:attachment":[{"href":"https:\/\/jusprev.org.br\/backup\/wp-json\/wp\/v2\/media?parent=8090"}],"wp:term":[{"taxonomy":"category","embeddable":true,"href":"https:\/\/jusprev.org.br\/backup\/wp-json\/wp\/v2\/categories?post=8090"},{"taxonomy":"post_tag","embeddable":true,"href":"https:\/\/jusprev.org.br\/backup\/wp-json\/wp\/v2\/tags?post=8090"}],"curies":[{"name":"wp","href":"https:\/\/api.w.org\/{rel}","templated":true}]}}