{"id":8098,"date":"2014-09-15T11:00:40","date_gmt":"2014-09-15T14:00:40","guid":{"rendered":"https:\/\/jusprev.org.br\/backup\/?p=8098"},"modified":"2014-09-15T11:00:40","modified_gmt":"2014-09-15T14:00:40","slug":"em-tempo-pensando-no-futuro-e-na-aposentadoria","status":"publish","type":"post","link":"https:\/\/jusprev.org.br\/backup\/em-tempo-pensando-no-futuro-e-na-aposentadoria\/","title":{"rendered":"EM TEMPO: Pensando no futuro e na aposentadoria?"},"content":{"rendered":"<p style=\"text-align: justify;\">Atualmente, no Brasil, \u00e9 poss\u00edvel se aposentar por idade ou tempo de contribui\u00e7\u00e3o. Neste \u00faltimo caso, s\u00e3o 30 anos de contribui\u00e7\u00e3o para mulheres e 35 anos para que os homens tenham direito a 100% do valor de sua aposentadoria. Mas ser\u00e1 que \u00e9 necess\u00e1rio pensar nisso com anteced\u00eancia?<\/p>\n<p style=\"text-align: justify;\">\u201cOs atuais contribuintes do INSS contribuem para garantir os benef\u00edcios pagos aos aposentados e n\u00e3o para garantir seu pr\u00f3prio futuro. N\u00f3s apenas contamos nosso tempo de contribui\u00e7\u00e3o\u201d, lembra Jos\u00e9 Altair Monteiro Sampaio, que \u00e9 banc\u00e1rio e diretor executivo da Associa\u00e7\u00e3o Nacional dos Participantes de Fundos de Pens\u00e3o (Anapar) e do Conselho deliberativo da Funda\u00e7\u00e3o Banestado de Seguridade Social (Funbep).<\/p>\n<p style=\"text-align: justify;\">Outro aspecto para se pensar sobre a aposentadoria: \u00e9 necess\u00e1ria a ades\u00e3o \u00e0 previd\u00eancia privada?<\/p>\n<p style=\"text-align: justify;\"><b>Benef\u00edcios da previd\u00eancia privada<\/b><\/p>\n<p style=\"text-align: justify;\"><b><\/b>Atualmente, a chamada Previd\u00eancia Privada Complementar tem, na verdade, car\u00e1ter suplementar, uma forma de poupar parte da renda. O benef\u00edcio deve ser programado de acordo com sua necessidade e capacidade, lembrando que n\u00e3o tem car\u00e1ter de prote\u00e7\u00e3o familiar em caso de morte ou invalidez.<\/p>\n<p style=\"text-align: justify;\">\u201cO dinheiro fica guardado num fundo de investimento ou de previd\u00eancia durante os anos de contribui\u00e7\u00e3o, geralmente com um tempo m\u00ednimo de perman\u00eancia para ter direito \u00e0 retirada\u201d, explica Jos\u00e9 Altair. \u201cA melhor \u00e9poca para uso desse dinheiro \u00e9 ap\u00f3s os 65 anos de idade e o valor depende da contribui\u00e7\u00e3o, pois o benef\u00edcio n\u00e3o cobre o sal\u00e1rio at\u00e9 atingir o valor da ativa\u201d. Por isso, a recomenda\u00e7\u00e3o \u00e9 que o valor de saque, definido pelo aposentado, deve considerar despesas extras como viagens e plano de sa\u00fade, entre outros. As despesas fixas devem ser cobertas com o or\u00e7amento do valor da aposentadoria da Previd\u00eancia Social.<\/p>\n<p style=\"text-align: justify;\">A previd\u00eancia privada suplementar pode ser abatida at\u00e9 12% do imposto de renda. O valor da taxa de administra\u00e7\u00e3o nos fundos de pens\u00e3o \u00e9 abaixo de 1% e paga-se tamb\u00e9m uma taxa de entrada. Algumas empresas j\u00e1 oferecem, por ades\u00e3o. Mas se a sua empresa n\u00e3o oferece, \u00e9 poss\u00edvel ades\u00e3o individual em institui\u00e7\u00f5es financeiras ou nos pr\u00f3prios fundos de pens\u00e3o. O cen\u00e1rio mais indicado \u00e9 optar pela mesma tributa\u00e7\u00e3o do sal\u00e1rio (na hora do saque do benef\u00edcio), pois a tabela \u00e9 progressiva.<\/p>\n<p style=\"text-align: justify;\"><b>Previd\u00eancia Social<\/b><\/p>\n<p style=\"text-align: justify;\"><b><\/b>Sobre os benef\u00edcios pagos via Previd\u00eancia Social (INSS), entre eles a aposentadoria, h\u00e1 um temor generalizado de que o sistema seja deficit\u00e1rio, que no futuro n\u00e3o haja or\u00e7amento suficiente para os aposentados. Para fazer o contraponto a esse discurso derrotista, todos os anos a Associa\u00e7\u00e3o Nacional dos Auditores Fiscais da Receita Federal do Brasil (ANFIP) e a Funda\u00e7\u00e3o ANFIP divulgam o livro \u201cAn\u00e1lise da Seguridade Social\u201d.<\/p>\n<p style=\"text-align: justify;\">A edi\u00e7\u00e3o referente ao ano de 2013 foi publicada no in\u00edcio deste m\u00eas de setembro e o resultado \u00e9 equivalente aos \u00faltimos anos: houve super\u00e1vit de R$ 76 bilh\u00f5es em 2013.<\/p>\n<p style=\"text-align: justify;\">As entidades avaliam que a Seguridade Social exibiu um bom resultado em 2013, embora menor do que o apresentado em 2012. \u201cEm um ano de baixo crescimento econ\u00f4mico e volumosas desonera\u00e7\u00f5es, as receitas totalizaram R$ 651,0 bilh\u00f5es, superando em R$ 55,3 bilh\u00f5es a arrecada\u00e7\u00e3o de 2012\u201d. A arrecada\u00e7\u00e3o previdenci\u00e1ria cresceu 11,9% de acordo com o estudo. As despesas da Seguridade somaram R$ 574,8 bilh\u00f5es, 12,0% acima dos valores de 2012 e despesas com o Regime Geral de Previd\u00eancia Social (RGPS) somaram R$ 357,0 bilh\u00f5es.<\/p>\n<p style=\"text-align: justify;\">\u201cA imensa maioria dos ataques \u00e0 Previd\u00eancia Social parte de uma constru\u00e7\u00e3o que aponta pela incapacidade presente e futura de serem financiados o conjunto dos benef\u00edcios. N\u00e3o \u00e9 por acaso que as conclus\u00f5es sempre apontam para a necessidade de reformas que ampliam car\u00eancias e reduzam benef\u00edcios\u201d, relata trecho da an\u00e1lise.<\/p>\n<p style=\"text-align: justify;\">Fonte:\u00a0www.bancariosdecuritiba.org.br<\/p>\n","protected":false},"excerpt":{"rendered":"<p>Atualmente, no Brasil, \u00e9 poss\u00edvel se aposentar por idade ou tempo de contribui\u00e7\u00e3o. Neste \u00faltimo caso, s\u00e3o 30 anos de contribui\u00e7\u00e3o para mulheres e 35 anos para que os homens&#8230;<\/p>\n","protected":false},"author":4,"featured_media":0,"comment_status":"closed","ping_status":"closed","sticky":false,"template":"","format":"standard","meta":{"footnotes":""},"categories":[31],"tags":[],"class_list":["post-8098","post","type-post","status-publish","format-standard","hentry","category-noticias"],"_links":{"self":[{"href":"https:\/\/jusprev.org.br\/backup\/wp-json\/wp\/v2\/posts\/8098","targetHints":{"allow":["GET"]}}],"collection":[{"href":"https:\/\/jusprev.org.br\/backup\/wp-json\/wp\/v2\/posts"}],"about":[{"href":"https:\/\/jusprev.org.br\/backup\/wp-json\/wp\/v2\/types\/post"}],"author":[{"embeddable":true,"href":"https:\/\/jusprev.org.br\/backup\/wp-json\/wp\/v2\/users\/4"}],"replies":[{"embeddable":true,"href":"https:\/\/jusprev.org.br\/backup\/wp-json\/wp\/v2\/comments?post=8098"}],"version-history":[{"count":0,"href":"https:\/\/jusprev.org.br\/backup\/wp-json\/wp\/v2\/posts\/8098\/revisions"}],"wp:attachment":[{"href":"https:\/\/jusprev.org.br\/backup\/wp-json\/wp\/v2\/media?parent=8098"}],"wp:term":[{"taxonomy":"category","embeddable":true,"href":"https:\/\/jusprev.org.br\/backup\/wp-json\/wp\/v2\/categories?post=8098"},{"taxonomy":"post_tag","embeddable":true,"href":"https:\/\/jusprev.org.br\/backup\/wp-json\/wp\/v2\/tags?post=8098"}],"curies":[{"name":"wp","href":"https:\/\/api.w.org\/{rel}","templated":true}]}}