{"id":8102,"date":"2014-09-15T11:16:52","date_gmt":"2014-09-15T14:16:52","guid":{"rendered":"https:\/\/jusprev.org.br\/backup\/?p=8102"},"modified":"2014-09-15T11:16:52","modified_gmt":"2014-09-15T14:16:52","slug":"envelhecer-e-natural-ja-o-como-e-opcional","status":"publish","type":"post","link":"https:\/\/jusprev.org.br\/backup\/envelhecer-e-natural-ja-o-como-e-opcional\/","title":{"rendered":"ENVELHECER \u00e9 natural. J\u00e1 o COMO \u00e9 opcional."},"content":{"rendered":"<p style=\"text-align: justify;\">N\u00f3s brasileiros n\u00e3o fomos educados a dedicar tempo e planejar a nossa aposentadoria, ou melhor, a decidir o que vamos ser quando Envelhecer.<\/p>\n<p style=\"text-align: justify;\">Simples atitudes podem contribuir com uma aposentadoria mais saud\u00e1vel e feliz.<\/p>\n<p style=\"text-align: justify;\">Saiu no\u00a0Jornal Valor Econ\u00f4mico\u00a0uma autoavalia\u00e7\u00e3o \u201cprovocante\u201d que nos ajuda a pensar sobre isto.<\/p>\n<p style=\"text-align: justify;\"><a href=\"https:\/\/jusprev.org.br\/backup\/wp-content\/uploads\/2014\/09\/teste.jpg\"><img loading=\"lazy\" decoding=\"async\" class=\"alignnone  wp-image-8103\" alt=\"teste\" src=\"https:\/\/jusprev.org.br\/backup\/wp-content\/uploads\/2014\/09\/teste.jpg\" width=\"604\" height=\"499\" \/><\/a><\/p>\n<p style=\"text-align: justify;\">\n<p style=\"text-align: justify;\">Dedicar um pouquinho do tempo para pensar nisto valer\u00e1 muito a pena mais tarde. Avalie e opte como deseja que seja o seu p\u00f3s 65 anos.<\/p>\n<p style=\"text-align: justify;\">Encare de frente, cuide de voc\u00ea e boa sorte!<\/p>\n<p style=\"text-align: justify;\">Fonte:\u00a0blogskill.com.br<\/p>\n","protected":false},"excerpt":{"rendered":"<p>N\u00f3s brasileiros n\u00e3o fomos educados a dedicar tempo e planejar a nossa aposentadoria, ou melhor, a decidir o que vamos ser quando Envelhecer. Simples atitudes podem contribuir com uma aposentadoria&#8230;<\/p>\n","protected":false},"author":4,"featured_media":0,"comment_status":"closed","ping_status":"closed","sticky":false,"template":"","format":"standard","meta":{"footnotes":""},"categories":[31],"tags":[],"class_list":["post-8102","post","type-post","status-publish","format-standard","hentry","category-noticias"],"_links":{"self":[{"href":"https:\/\/jusprev.org.br\/backup\/wp-json\/wp\/v2\/posts\/8102","targetHints":{"allow":["GET"]}}],"collection":[{"href":"https:\/\/jusprev.org.br\/backup\/wp-json\/wp\/v2\/posts"}],"about":[{"href":"https:\/\/jusprev.org.br\/backup\/wp-json\/wp\/v2\/types\/post"}],"author":[{"embeddable":true,"href":"https:\/\/jusprev.org.br\/backup\/wp-json\/wp\/v2\/users\/4"}],"replies":[{"embeddable":true,"href":"https:\/\/jusprev.org.br\/backup\/wp-json\/wp\/v2\/comments?post=8102"}],"version-history":[{"count":0,"href":"https:\/\/jusprev.org.br\/backup\/wp-json\/wp\/v2\/posts\/8102\/revisions"}],"wp:attachment":[{"href":"https:\/\/jusprev.org.br\/backup\/wp-json\/wp\/v2\/media?parent=8102"}],"wp:term":[{"taxonomy":"category","embeddable":true,"href":"https:\/\/jusprev.org.br\/backup\/wp-json\/wp\/v2\/categories?post=8102"},{"taxonomy":"post_tag","embeddable":true,"href":"https:\/\/jusprev.org.br\/backup\/wp-json\/wp\/v2\/tags?post=8102"}],"curies":[{"name":"wp","href":"https:\/\/api.w.org\/{rel}","templated":true}]}}