{"id":8112,"date":"2014-09-25T11:57:18","date_gmt":"2014-09-25T14:57:18","guid":{"rendered":"https:\/\/jusprev.org.br\/backup\/?p=8112"},"modified":"2014-09-25T11:57:18","modified_gmt":"2014-09-25T14:57:18","slug":"comite-de-investimentos-realiza-reuniao-na-jusprev-3","status":"publish","type":"post","link":"https:\/\/jusprev.org.br\/backup\/comite-de-investimentos-realiza-reuniao-na-jusprev-3\/","title":{"rendered":"Comit\u00ea de Investimentos realiza reuni\u00e3o na JUSPREV"},"content":{"rendered":"<p style=\"text-align: justify;\">Como forma de acompanhar permanentemente os investimentos onde est\u00e1 alocado o patrim\u00f4nio dos participantes, realizou-se no dia 24 de setembro, na sede da JUSPREV, a reuni\u00e3o do Comit\u00ea de Investimentos. Sob o comando do presidente do Comit\u00ea Dr. F\u00e1bio Bertoli Esmanhoto, a reuni\u00e3o contou com a presen\u00e7a dos membros Dr. Marcio Humberto Gheller, Dr. Marco Aur\u00e9lio Monteiro Tuoto, Dr. Francisco Zanicotti e do Analista Econ\u00f4mico da entidade Allan Nogueira.<\/p>\n<p style=\"text-align: justify;\">Durante a reuni\u00e3o, foi realizada a an\u00e1lise das rentabilidades do fundo referentes ao meses de julho e agosto de 2014, bem como a explana\u00e7\u00e3o da Aditus \u2013 Consultoria Financeira e das Assets, BRAM \u2013 Bradesco Asset Management e DLM \u2013 Invista, sobre os resultados das rentabilidades e sobre as expectativas do mercado para os diferentes cen\u00e1rios econ\u00f4micos ap\u00f3s per\u00edodo eleitoral.<\/p>\n","protected":false},"excerpt":{"rendered":"<p>Como forma de acompanhar permanentemente os investimentos onde est\u00e1 alocado o patrim\u00f4nio dos participantes, realizou-se no dia 24 de setembro, na sede da JUSPREV, a reuni\u00e3o do Comit\u00ea de Investimentos&#8230;.<\/p>\n","protected":false},"author":4,"featured_media":0,"comment_status":"closed","ping_status":"closed","sticky":false,"template":"","format":"standard","meta":{"footnotes":""},"categories":[31],"tags":[],"class_list":["post-8112","post","type-post","status-publish","format-standard","hentry","category-noticias"],"_links":{"self":[{"href":"https:\/\/jusprev.org.br\/backup\/wp-json\/wp\/v2\/posts\/8112","targetHints":{"allow":["GET"]}}],"collection":[{"href":"https:\/\/jusprev.org.br\/backup\/wp-json\/wp\/v2\/posts"}],"about":[{"href":"https:\/\/jusprev.org.br\/backup\/wp-json\/wp\/v2\/types\/post"}],"author":[{"embeddable":true,"href":"https:\/\/jusprev.org.br\/backup\/wp-json\/wp\/v2\/users\/4"}],"replies":[{"embeddable":true,"href":"https:\/\/jusprev.org.br\/backup\/wp-json\/wp\/v2\/comments?post=8112"}],"version-history":[{"count":0,"href":"https:\/\/jusprev.org.br\/backup\/wp-json\/wp\/v2\/posts\/8112\/revisions"}],"wp:attachment":[{"href":"https:\/\/jusprev.org.br\/backup\/wp-json\/wp\/v2\/media?parent=8112"}],"wp:term":[{"taxonomy":"category","embeddable":true,"href":"https:\/\/jusprev.org.br\/backup\/wp-json\/wp\/v2\/categories?post=8112"},{"taxonomy":"post_tag","embeddable":true,"href":"https:\/\/jusprev.org.br\/backup\/wp-json\/wp\/v2\/tags?post=8112"}],"curies":[{"name":"wp","href":"https:\/\/api.w.org\/{rel}","templated":true}]}}