{"id":8116,"date":"2014-09-26T16:01:41","date_gmt":"2014-09-26T19:01:41","guid":{"rendered":"https:\/\/jusprev.org.br\/backup\/?p=8116"},"modified":"2014-09-26T16:01:41","modified_gmt":"2014-09-26T19:01:41","slug":"reuniao-do-conselho-fiscal-e-realizada-na-jusprev","status":"publish","type":"post","link":"https:\/\/jusprev.org.br\/backup\/reuniao-do-conselho-fiscal-e-realizada-na-jusprev\/","title":{"rendered":"Reuni\u00e3o do Conselho Fiscal \u00e9 realizada na JUSPREV"},"content":{"rendered":"<p style=\"text-align: justify;\">Foi realizada no dia 26 de setembro, a reuni\u00e3o do Conselho Fiscal da JUSPREV. Estiveram presentes a presidente do conselho Dra. Vera Grace Paranagu\u00e1 Cunha, os conselheiros efetivos Dr. Ot\u00f4nio Ribeiro Furtado e o Dr. Wilson Jos\u00e9 Galheira, a gerente geral da JUSPREV Dra. Deborah Traldi Maggio, o representante da Aditus \u2013 Consultoria Financeira Guilherme Benites e o analista econ\u00f4mico Allan Nogueira.<\/p>\n<p style=\"text-align: justify;\">Na ocasi\u00e3o os integrantes do conselho fiscal aprovaram as atas das \u00faltimas reuni\u00f5es realizadas\u00a0 nos dias 24 de mar\u00e7o e 27 de junho de 2014, realizaram a an\u00e1lise dos documentos cont\u00e1beis e fiscais para aprova\u00e7\u00e3o das contas da JUSPREV, relativos aos meses de junho a agosto de 2014 e aprovaram o relat\u00f3rio de manifesta\u00e7\u00e3o do conselho fiscal da entidade referente ao 1\u00ba semestre do ano.<\/p>\n<p style=\"text-align: justify;\">Durante a reuni\u00e3o, aconteceu ainda a apresenta\u00e7\u00e3o do relat\u00f3rio da pol\u00edtica de investimentos referente ao 2\u00b0 trimestre de 2014, elaborado pela Aditus \u2013 Consultoria Financeira.<\/p>\n","protected":false},"excerpt":{"rendered":"<p>Foi realizada no dia 26 de setembro, a reuni\u00e3o do Conselho Fiscal da JUSPREV. Estiveram presentes a presidente do conselho Dra. Vera Grace Paranagu\u00e1 Cunha, os conselheiros efetivos Dr. Ot\u00f4nio&#8230;<\/p>\n","protected":false},"author":4,"featured_media":0,"comment_status":"closed","ping_status":"closed","sticky":false,"template":"","format":"standard","meta":{"footnotes":""},"categories":[31],"tags":[],"class_list":["post-8116","post","type-post","status-publish","format-standard","hentry","category-noticias"],"_links":{"self":[{"href":"https:\/\/jusprev.org.br\/backup\/wp-json\/wp\/v2\/posts\/8116","targetHints":{"allow":["GET"]}}],"collection":[{"href":"https:\/\/jusprev.org.br\/backup\/wp-json\/wp\/v2\/posts"}],"about":[{"href":"https:\/\/jusprev.org.br\/backup\/wp-json\/wp\/v2\/types\/post"}],"author":[{"embeddable":true,"href":"https:\/\/jusprev.org.br\/backup\/wp-json\/wp\/v2\/users\/4"}],"replies":[{"embeddable":true,"href":"https:\/\/jusprev.org.br\/backup\/wp-json\/wp\/v2\/comments?post=8116"}],"version-history":[{"count":0,"href":"https:\/\/jusprev.org.br\/backup\/wp-json\/wp\/v2\/posts\/8116\/revisions"}],"wp:attachment":[{"href":"https:\/\/jusprev.org.br\/backup\/wp-json\/wp\/v2\/media?parent=8116"}],"wp:term":[{"taxonomy":"category","embeddable":true,"href":"https:\/\/jusprev.org.br\/backup\/wp-json\/wp\/v2\/categories?post=8116"},{"taxonomy":"post_tag","embeddable":true,"href":"https:\/\/jusprev.org.br\/backup\/wp-json\/wp\/v2\/tags?post=8116"}],"curies":[{"name":"wp","href":"https:\/\/api.w.org\/{rel}","templated":true}]}}