{"id":8137,"date":"2014-10-08T10:28:52","date_gmt":"2014-10-08T13:28:52","guid":{"rendered":"https:\/\/jusprev.org.br\/backup\/?p=8137"},"modified":"2014-10-08T10:28:52","modified_gmt":"2014-10-08T13:28:52","slug":"dialogo-e-fundamental-para-o-consumo-responsavel","status":"publish","type":"post","link":"https:\/\/jusprev.org.br\/backup\/dialogo-e-fundamental-para-o-consumo-responsavel\/","title":{"rendered":"Di\u00e1logo \u00e9 fundamental para o consumo respons\u00e1vel."},"content":{"rendered":"<p style=\"text-align: justify;\">\u201cO dia das crian\u00e7as \u00e9 uma boa data para que pais e filhos aprendam a consumir melhor\u201d, afirma Carlos Eduardo Batalha, gestor da Escola de Educa\u00e7\u00e3o Financeira. \u201cApesar da felicidade dos filhos n\u00e3o ter pre\u00e7o, os brinquedos t\u00eam\u201d, explica.<strong>\u00a0<\/strong>Os pais precisam ter cuidado para n\u00e3o adquirirem um presente al\u00e9m do que as suas condi\u00e7\u00f5es financeiras permitem. Os \u201cgames\u201d de \u00faltima gera\u00e7\u00e3o, telefones celulares ou \u201croupas de marca\u201d, acabam comprometendo o or\u00e7amento da fam\u00edlia.<\/p>\n<p style=\"text-align: justify;\">Carlos Eduardo Batalha lembra que dizer<strong>\u00a0<\/strong>\u201cn\u00e3o\u201d, muita vezes, pode educar mais do que dizer \u201csim\u201d e que\u00a0<strong><\/strong>estabelecer limites<strong>\u00a0<\/strong>tamb\u00e9m \u00e9 essencial para que os filhos tenham uma rela\u00e7\u00e3o saud\u00e1vel com o dinheiro. Embora o maior acesso \u00e0 informa\u00e7\u00e3o, hoje, seja por meio da internet e das redes sociais, cabe aos pais estimular os filhos a economizar, antecipando tamb\u00e9m a educa\u00e7\u00e3o financeira dos pequenos consumidores.<\/p>\n<p style=\"text-align: justify;\">&#8220;A negocia\u00e7\u00e3o \u00e9 sempre a base da rela\u00e7\u00e3o de amizade&#8221;, diz.<strong>\u00a0<\/strong>\u00a0O di\u00e1logo desde cedo \u00e9 a melhor forma para mostrar aos filhos que existem outros gastos priorit\u00e1rios relativos \u00e0 habita\u00e7\u00e3o, alimenta\u00e7\u00e3o, sa\u00fade e educa\u00e7\u00e3o, por exemplo.<\/p>\n<p style=\"text-align: justify;\">\u201cMesmo que existam condi\u00e7\u00f5es financeiras favor\u00e1veis para a compra do presente, questione e proponha alternativas. Ajude-o a fazer uma pesquisa de pre\u00e7os. Explique que agora, nesse dia das crian\u00e7as, existe um valor m\u00e1ximo que voc\u00ea poderia desembolsar para comprar o presente. Ent\u00e3o, caso o presente que ele deseja seja de valor mais alto que o dispon\u00edvel no momento, ele poder\u00e1 optar por criar uma poupan\u00e7a para uma compra futura daquele presente que ele deseja\u201d, explica.<\/p>\n<p style=\"text-align: justify;\">Batalha explica que os pais devem ser educados financeiramente, pois s\u00e3o como espelhos para seus filhos. Eles precisam ser o exemplo do que ensinam para as crian\u00e7as. Desse modo, antes de ditar uma s\u00e9rie de regras e proibi\u00e7\u00f5es para as crian\u00e7as, os pais precisam primeiro organizar a pr\u00f3pria vida financeira, prezando n\u00e3o apenas pela sa\u00fade do or\u00e7amento familiar, mas tamb\u00e9m pela rela\u00e7\u00e3o saud\u00e1vel de todos os membros da fam\u00edlia, inclusive das crian\u00e7as, com o dinheiro e o consumo.<\/p>\n<p style=\"text-align: justify;\">Fonte: Escola de Educa\u00e7\u00e3o Financeira<\/p>\n","protected":false},"excerpt":{"rendered":"<p>\u201cO dia das crian\u00e7as \u00e9 uma boa data para que pais e filhos aprendam a consumir melhor\u201d, afirma Carlos Eduardo Batalha, gestor da Escola de Educa\u00e7\u00e3o Financeira. \u201cApesar da felicidade&#8230;<\/p>\n","protected":false},"author":4,"featured_media":0,"comment_status":"closed","ping_status":"closed","sticky":false,"template":"","format":"standard","meta":{"footnotes":""},"categories":[31],"tags":[],"class_list":["post-8137","post","type-post","status-publish","format-standard","hentry","category-noticias"],"_links":{"self":[{"href":"https:\/\/jusprev.org.br\/backup\/wp-json\/wp\/v2\/posts\/8137","targetHints":{"allow":["GET"]}}],"collection":[{"href":"https:\/\/jusprev.org.br\/backup\/wp-json\/wp\/v2\/posts"}],"about":[{"href":"https:\/\/jusprev.org.br\/backup\/wp-json\/wp\/v2\/types\/post"}],"author":[{"embeddable":true,"href":"https:\/\/jusprev.org.br\/backup\/wp-json\/wp\/v2\/users\/4"}],"replies":[{"embeddable":true,"href":"https:\/\/jusprev.org.br\/backup\/wp-json\/wp\/v2\/comments?post=8137"}],"version-history":[{"count":0,"href":"https:\/\/jusprev.org.br\/backup\/wp-json\/wp\/v2\/posts\/8137\/revisions"}],"wp:attachment":[{"href":"https:\/\/jusprev.org.br\/backup\/wp-json\/wp\/v2\/media?parent=8137"}],"wp:term":[{"taxonomy":"category","embeddable":true,"href":"https:\/\/jusprev.org.br\/backup\/wp-json\/wp\/v2\/categories?post=8137"},{"taxonomy":"post_tag","embeddable":true,"href":"https:\/\/jusprev.org.br\/backup\/wp-json\/wp\/v2\/tags?post=8137"}],"curies":[{"name":"wp","href":"https:\/\/api.w.org\/{rel}","templated":true}]}}