{"id":8148,"date":"2014-10-17T17:37:48","date_gmt":"2014-10-17T20:37:48","guid":{"rendered":"https:\/\/jusprev.org.br\/backup\/?p=8148"},"modified":"2014-10-17T17:37:48","modified_gmt":"2014-10-17T20:37:48","slug":"jusprev-participa-do-8o-encontro-nacional-de-advogados-publicos-federais","status":"publish","type":"post","link":"https:\/\/jusprev.org.br\/backup\/jusprev-participa-do-8o-encontro-nacional-de-advogados-publicos-federais\/","title":{"rendered":"JUSPREV participa do 8\u00ba Encontro Nacional de Advogados P\u00fablicos Federais"},"content":{"rendered":"<div id=\"attachment_8149\" style=\"width: 317px\" class=\"wp-caption alignleft\"><a href=\"https:\/\/jusprev.org.br\/backup\/wp-content\/uploads\/2014\/10\/Jorge-ENAFE.jpg\"><img loading=\"lazy\" decoding=\"async\" aria-describedby=\"caption-attachment-8149\" class=\" wp-image-8149 \" alt=\"Jorge - ENAFE\" src=\"https:\/\/jusprev.org.br\/backup\/wp-content\/uploads\/2014\/10\/Jorge-ENAFE.jpg\" width=\"307\" height=\"210\" \/><\/a><p id=\"caption-attachment-8149\" class=\"wp-caption-text\">O consultor Jorge Luiz Baptista em atendimento a uma participante do evento.<\/p><\/div>\n<p style=\"text-align: justify;\">O 8\u00ba Encontro Nacional de Advogados\u00a0P\u00fablicos Federais \u2013 ENAFE, realizado pela UNAFE &#8211; Uni\u00e3o dos Advogados P\u00fablicos Federais do Brasil, aconteceu entre os dias 15 e 17 de outubro, em Foz do Igua\u00e7u \u2013 PR, e teve como tema \u201cA Advocacia P\u00fablica Federal e a defesa do Patrim\u00f4nio P\u00fablico\u201d.<\/p>\n<p style=\"text-align: justify;\">A 8\u00aa edi\u00e7\u00e3o do encontro, pautada no crit\u00e9rio imperioso da relev\u00e2ncia da atua\u00e7\u00e3o dos Advogados P\u00fablicos\u00a0Federais na defesa dos interesses do cidad\u00e3o brasileiro, contou com a presen\u00e7a de membros das carreiras jur\u00eddicas, pol\u00edticas e\u00a0empres\u00e1rios de todo o Pa\u00eds.<\/p>\n<p style=\"text-align: justify;\">A JUSPREV esteve presente no evento, representada pelo Consultor Previdenci\u00e1rio, Jorge Luiz Baptista. A participa\u00e7\u00e3o, teve como objetivo divulgar e tornar mais conhecidos os benef\u00edcios e vantagens do PLANJUS \u2013 plano de benef\u00edcios previdenci\u00e1rios, criado exclusivamente para a classe, e ressaltar a import\u00e2ncia em aderir a um plano com credibilidade que poder\u00e1 garantir a manuten\u00e7\u00e3o da qualidade de vida quando a aposentadoria chegar.<\/p>\n","protected":false},"excerpt":{"rendered":"<p>O 8\u00ba Encontro Nacional de Advogados\u00a0P\u00fablicos Federais \u2013 ENAFE, realizado pela UNAFE &#8211; Uni\u00e3o dos Advogados P\u00fablicos Federais do Brasil, aconteceu entre os dias 15 e 17 de outubro, em&#8230;<\/p>\n","protected":false},"author":4,"featured_media":0,"comment_status":"closed","ping_status":"closed","sticky":false,"template":"","format":"standard","meta":{"footnotes":""},"categories":[31],"tags":[],"class_list":["post-8148","post","type-post","status-publish","format-standard","hentry","category-noticias"],"_links":{"self":[{"href":"https:\/\/jusprev.org.br\/backup\/wp-json\/wp\/v2\/posts\/8148","targetHints":{"allow":["GET"]}}],"collection":[{"href":"https:\/\/jusprev.org.br\/backup\/wp-json\/wp\/v2\/posts"}],"about":[{"href":"https:\/\/jusprev.org.br\/backup\/wp-json\/wp\/v2\/types\/post"}],"author":[{"embeddable":true,"href":"https:\/\/jusprev.org.br\/backup\/wp-json\/wp\/v2\/users\/4"}],"replies":[{"embeddable":true,"href":"https:\/\/jusprev.org.br\/backup\/wp-json\/wp\/v2\/comments?post=8148"}],"version-history":[{"count":0,"href":"https:\/\/jusprev.org.br\/backup\/wp-json\/wp\/v2\/posts\/8148\/revisions"}],"wp:attachment":[{"href":"https:\/\/jusprev.org.br\/backup\/wp-json\/wp\/v2\/media?parent=8148"}],"wp:term":[{"taxonomy":"category","embeddable":true,"href":"https:\/\/jusprev.org.br\/backup\/wp-json\/wp\/v2\/categories?post=8148"},{"taxonomy":"post_tag","embeddable":true,"href":"https:\/\/jusprev.org.br\/backup\/wp-json\/wp\/v2\/tags?post=8148"}],"curies":[{"name":"wp","href":"https:\/\/api.w.org\/{rel}","templated":true}]}}