{"id":8153,"date":"2014-10-21T11:07:10","date_gmt":"2014-10-21T13:07:10","guid":{"rendered":"https:\/\/jusprev.org.br\/backup\/?p=8153"},"modified":"2014-10-21T11:07:10","modified_gmt":"2014-10-21T13:07:10","slug":"jovens-e-a-previdencia-privada","status":"publish","type":"post","link":"https:\/\/jusprev.org.br\/backup\/jovens-e-a-previdencia-privada\/","title":{"rendered":"Jovens e a Previd\u00eancia Privada"},"content":{"rendered":"<p style=\"text-align: justify;\">Come\u00e7o este artigo, com uma pergunta para o leitor: \u201cJ\u00e1 pensaste em planejar a sua aposentadoria\u201d? A resposta \u00e9 sua, e espero que seja um sim, por\u00e9m caso seja um n\u00e3o, que tal voc\u00ea come\u00e7ar a pensar nisto.<br \/>\nA institui\u00e7\u00e3o Serasa Experian em conjunto com o IBOPE Intelig\u00eancia criou o Indicador de Educa\u00e7\u00e3o Financeira (IndEF) recentemente, e para isto entrevistou 2.002 pessoas maiores de 16 anos de idade, em 140 cidades de todos os Estados brasileiros e do Distrito Federal, incluindo capitais, periferia e interior, durante o primeiro trimestre de 2014.<br \/>\nSendo que alguns dos resultados foram os seguintes: 1 \u2013 62% dos jovens de 16 a 24 anos n\u00e3o fazem tipo de contribui\u00e7\u00e3o para a aposentadoria; 2 \u2013 apenas 31% desta faixa et\u00e1ria disse que contribuiu para o Instituto Nacional do Seguro Social (INSS); 3 \u2013 Somente 1% desta faixa et\u00e1ria faz contribui\u00e7\u00f5es para previd\u00eancia privada.<br \/>\nFa\u00e7o quest\u00e3o de citar as palavras ditas pelo superintendente de Servi\u00e7os ao Consumidor da Serasa EXperian, J\u00falio Leandro: \u201cEm geral, a preocupa\u00e7\u00e3o com o futuro n\u00e3o \u00e9 uma caracter\u00edstica marcante dos jovens. Al\u00e9m disso, uma parcela deles pode estar fora do mercado de trabalho formal e a falta de interesse em contribuir de maneira individual tamb\u00e9m colabora para o alto \u00edndice. Esse comportamento ainda \u00e9 refor\u00e7ado pela tend\u00eancia ao consumo imediatista, que concorre diretamente com o planejamento financeiro e com a falta de comprometimento para a constru\u00e7\u00e3o de um futuro tranquilo\u201d.<br \/>\nAbaixo, \u00e9 listado por faixa et\u00e1ria, o percentual de pessoas que n\u00e3o planejam a aposentadoria:<\/p>\n<p>Faixa et\u00e1ria | N\u00e3o planejam a aposentadoria (%)<\/p>\n<p>16 a 24 anos | 62%<br \/>\n25 a 34 anos | 49%<br \/>\n35 a 44 anos | 46%<br \/>\n45 a 54 anos | 47%<br \/>\nAcima de 55 anos | 42%<\/p>\n<p>Fonte: IndEF 2014<\/p>\n<p style=\"text-align: justify;\">Note que conforme os dados apresentados acima, a aposentadoria n\u00e3o \u00e9 uma das prioridades do brasileiro. Segundo a Serasa Experian, o Brasil \u00e9 o \u00fanico pa\u00eds do mundo a ter esse tipo de metodologia.<br \/>\nPor \u00faltimo segue um exemplo simples que li certa vez em um artigo dispon\u00edvel no site da OABPREV-SC: \u201cUm jovem que come\u00e7a a poupar R$ 100 por m\u00eas aos 25 anos para uma aposentadoria aos 65 anos consegue acumular um patrim\u00f4nio de R$ 732,838 mil, ou o equivalente a uma renda mensal vital\u00edcia de R$ 3,664 mil, descontada a infla\u00e7\u00e3o. Mas se a pessoa adiou o primeiro aporte para os 40 anos, a mesma contribui\u00e7\u00e3o de R$ 100 por m\u00eas resultar\u00e1 na idade de 65 anos, um patrim\u00f4nio de apenas R$ 144,1 mil, cujo resultado \u00e9 uma renda mensal vital\u00edcia de R$ 720,50 descontada a infla\u00e7\u00e3o do per\u00edodo, 80% menor em compara\u00e7\u00e3o se tivesse come\u00e7ado a poupar 15 anos mais cedo\u201d.<br \/>\nQue tal voc\u00ea fazer um compromisso consigo mesmo e separar um valor por m\u00eas pensando em ter uma vida financeira segura no futuro? A decis\u00e3o \u00e9 somente sua. Desejo que no futuro tenhas e possas desfrutar de uma boa e saud\u00e1vel aposentadoria. At\u00e9 a pr\u00f3xima!<\/p>\n<p style=\"text-align: justify;\">fonte:\u00a0www.jdv.com.br<\/p>\n","protected":false},"excerpt":{"rendered":"<p>Come\u00e7o este artigo, com uma pergunta para o leitor: \u201cJ\u00e1 pensaste em planejar a sua aposentadoria\u201d? A resposta \u00e9 sua, e espero que seja um sim, por\u00e9m caso seja um&#8230;<\/p>\n","protected":false},"author":4,"featured_media":0,"comment_status":"closed","ping_status":"closed","sticky":false,"template":"","format":"standard","meta":{"footnotes":""},"categories":[31],"tags":[],"class_list":["post-8153","post","type-post","status-publish","format-standard","hentry","category-noticias"],"_links":{"self":[{"href":"https:\/\/jusprev.org.br\/backup\/wp-json\/wp\/v2\/posts\/8153","targetHints":{"allow":["GET"]}}],"collection":[{"href":"https:\/\/jusprev.org.br\/backup\/wp-json\/wp\/v2\/posts"}],"about":[{"href":"https:\/\/jusprev.org.br\/backup\/wp-json\/wp\/v2\/types\/post"}],"author":[{"embeddable":true,"href":"https:\/\/jusprev.org.br\/backup\/wp-json\/wp\/v2\/users\/4"}],"replies":[{"embeddable":true,"href":"https:\/\/jusprev.org.br\/backup\/wp-json\/wp\/v2\/comments?post=8153"}],"version-history":[{"count":0,"href":"https:\/\/jusprev.org.br\/backup\/wp-json\/wp\/v2\/posts\/8153\/revisions"}],"wp:attachment":[{"href":"https:\/\/jusprev.org.br\/backup\/wp-json\/wp\/v2\/media?parent=8153"}],"wp:term":[{"taxonomy":"category","embeddable":true,"href":"https:\/\/jusprev.org.br\/backup\/wp-json\/wp\/v2\/categories?post=8153"},{"taxonomy":"post_tag","embeddable":true,"href":"https:\/\/jusprev.org.br\/backup\/wp-json\/wp\/v2\/tags?post=8153"}],"curies":[{"name":"wp","href":"https:\/\/api.w.org\/{rel}","templated":true}]}}