{"id":8198,"date":"2014-11-13T16:49:07","date_gmt":"2014-11-13T18:49:07","guid":{"rendered":"https:\/\/jusprev.org.br\/backup\/?p=8198"},"modified":"2014-11-13T16:49:07","modified_gmt":"2014-11-13T18:49:07","slug":"previdencia-complementar-geracao-de-valores-sociais-e-economicos-e-tema-central-do-35-congresso-brasileiro-dos-fundos-de-pensao","status":"publish","type":"post","link":"https:\/\/jusprev.org.br\/backup\/previdencia-complementar-geracao-de-valores-sociais-e-economicos-e-tema-central-do-35-congresso-brasileiro-dos-fundos-de-pensao\/","title":{"rendered":"Previd\u00eancia Complementar: gera\u00e7\u00e3o de valores sociais e econ\u00f4micos, \u00e9 tema central do 35\u00b0 Congresso Brasileiro dos Fundos de Pens\u00e3o"},"content":{"rendered":"<div id=\"attachment_8199\" style=\"width: 368px\" class=\"wp-caption alignleft\"><a href=\"https:\/\/jusprev.org.br\/backup\/wp-content\/uploads\/2014\/11\/35-congresso-ABRAPP.jpg\"><img loading=\"lazy\" decoding=\"async\" aria-describedby=\"caption-attachment-8199\" class=\" wp-image-8199 \" alt=\"35 congresso ABRAPP\" src=\"https:\/\/jusprev.org.br\/backup\/wp-content\/uploads\/2014\/11\/35-congresso-ABRAPP.jpg\" width=\"358\" height=\"234\" \/><\/a><p id=\"caption-attachment-8199\" class=\"wp-caption-text\">Painel Previd\u00eancia Complementar dos Servidores P\u00fablicos. Foto: Deborah Maggio<\/p><\/div>\n<p style=\"text-align: justify;\">Come\u00e7ou nesta quarta-feira (12 de novembro), no Transamerica Expo Center em S\u00e3o Paulo, o 35\u00b0 Congresso Brasileiro dos Fundos de Pens\u00e3o, promovido pela ABRAPP. A programa\u00e7\u00e3o inclui plen\u00e1rias que constituem f\u00f3runs dedicados \u00e0 discuss\u00e3o dos grandes temas e desafios do mercado, pain\u00e9is simult\u00e2neos onde ser\u00e3o abordadas quest\u00f5es relevantes e atuais para a gest\u00e3o dos fundos de pens\u00e3o e palestras, que buscam envolver diversos assuntos de interesse tanto para a gest\u00e3o quanto opera\u00e7\u00e3o das EFPCs.<\/p>\n<p style=\"text-align: justify;\">O evento, considerado o maior Congresso sobre Previd\u00eancia Complementar Fechada da Am\u00e9rica Latina, acontece at\u00e9 a pr\u00f3xima sexta-feira (14 de novembro) e traz como tema central Previd\u00eancia Complementar: gera\u00e7\u00e3o de valores sociais e econ\u00f4micos.<\/p>\n<p style=\"text-align: justify;\">A JUSPREV est\u00e1 presente no evento, representada pelo Dr. Marcio Humberto Geller &#8211; membro do Comit\u00ea de Investimentos, Dr. Laerzio Chiesorin Junior &#8211; Conselheiro Deliberativo, Dra. Deborah Maggio &#8211; Gerente Geral e Leandro Kormann \u2013 Analista Operacional da JUSPREV.<\/p>\n","protected":false},"excerpt":{"rendered":"<p>Come\u00e7ou nesta quarta-feira (12 de novembro), no Transamerica Expo Center em S\u00e3o Paulo, o 35\u00b0 Congresso Brasileiro dos Fundos de Pens\u00e3o, promovido pela ABRAPP. A programa\u00e7\u00e3o inclui plen\u00e1rias que constituem&#8230;<\/p>\n","protected":false},"author":4,"featured_media":0,"comment_status":"closed","ping_status":"closed","sticky":false,"template":"","format":"standard","meta":{"footnotes":""},"categories":[31],"tags":[],"class_list":["post-8198","post","type-post","status-publish","format-standard","hentry","category-noticias"],"_links":{"self":[{"href":"https:\/\/jusprev.org.br\/backup\/wp-json\/wp\/v2\/posts\/8198","targetHints":{"allow":["GET"]}}],"collection":[{"href":"https:\/\/jusprev.org.br\/backup\/wp-json\/wp\/v2\/posts"}],"about":[{"href":"https:\/\/jusprev.org.br\/backup\/wp-json\/wp\/v2\/types\/post"}],"author":[{"embeddable":true,"href":"https:\/\/jusprev.org.br\/backup\/wp-json\/wp\/v2\/users\/4"}],"replies":[{"embeddable":true,"href":"https:\/\/jusprev.org.br\/backup\/wp-json\/wp\/v2\/comments?post=8198"}],"version-history":[{"count":0,"href":"https:\/\/jusprev.org.br\/backup\/wp-json\/wp\/v2\/posts\/8198\/revisions"}],"wp:attachment":[{"href":"https:\/\/jusprev.org.br\/backup\/wp-json\/wp\/v2\/media?parent=8198"}],"wp:term":[{"taxonomy":"category","embeddable":true,"href":"https:\/\/jusprev.org.br\/backup\/wp-json\/wp\/v2\/categories?post=8198"},{"taxonomy":"post_tag","embeddable":true,"href":"https:\/\/jusprev.org.br\/backup\/wp-json\/wp\/v2\/tags?post=8198"}],"curies":[{"name":"wp","href":"https:\/\/api.w.org\/{rel}","templated":true}]}}