{"id":8204,"date":"2014-11-17T17:21:43","date_gmt":"2014-11-17T19:21:43","guid":{"rendered":"https:\/\/jusprev.org.br\/backup\/?p=8204"},"modified":"2014-11-17T17:21:43","modified_gmt":"2014-11-17T19:21:43","slug":"dirigentes-da-jusprev-participam-do-35-congresso-da-abrapp","status":"publish","type":"post","link":"https:\/\/jusprev.org.br\/backup\/dirigentes-da-jusprev-participam-do-35-congresso-da-abrapp\/","title":{"rendered":"Dirigentes da JUSPREV participam do 35\u00b0 Congresso da ABRAPP"},"content":{"rendered":"<p style=\"text-align: justify;\">A JUSPREV participou, nos dias 12, 13 e 14 de novembro, do congresso anual realizado, em S\u00e3o Paulo, pela ABRAPP. Segundo os organizadores, o maior evento sobre Previd\u00eancia Complementar Fechada da Am\u00e9rica Latina reuniu gigantes do setor como os Fundos de Previd\u00eancia Privada da PREVI, PETROS, OAB-PREV, VALIA, FUNCEF, entre outras, e contou com debates muito pontuais sobre mecanismos de gera\u00e7\u00e3o de valores sociais e econ\u00f4micos.<\/p>\n<p style=\"text-align: justify;\">A iniciar pelo ex-ministro, Antonio Delfin Netto, que explanou sobre as perspectivas econ\u00f4micas atuais, o lan\u00e7amento da UNIABRAPP &#8211; Universidade Corporativa da Previd\u00eancia Complementar e a necessidade de educa\u00e7\u00e3o previdenci\u00e1ria nas escolas. Outro destaque do evento foi a palestra do escritor Gustavo Cerbasi, sobre educa\u00e7\u00e3o financeira, longevidade da popula\u00e7\u00e3o e a gera\u00e7\u00e3o Y (gera\u00e7\u00e3o de jovens nascidos entre o final da d\u00e9cada de 70 at\u00e9 meados da d\u00e9cada de 90) e sua rela\u00e7\u00e3o com temas financeiros e previdenci\u00e1rios.<\/p>\n<p style=\"text-align: justify;\">Necessidades de poupan\u00e7a individual, taxas de juros e a necessidade de sinergia entre fundos de pens\u00e3o e seus patrocinadores, tamb\u00e9m foram assuntos abordados em diversos pain\u00e9is. Para os servidores, dois pain\u00e9is da FUNPRESP-EXE e FUNPRESP-JUD foram apresentados.<\/p>\n<p style=\"text-align: justify;\">Para os que tiverem curiosidade sobre os temas, basta acessar o link\u00a0<a href=\"http:\/\/congressodosfundosdepensao.com.br\/livrotecnico\/\">http:\/\/congressodosfundosdepensao.com.br\/livrotecnico\/<\/a>, onde poder\u00e3o ter acesso aos principais documentos sobre as tem\u00e1ticas apresentadas no congresso.<\/p>\n","protected":false},"excerpt":{"rendered":"<p>A JUSPREV participou, nos dias 12, 13 e 14 de novembro, do congresso anual realizado, em S\u00e3o Paulo, pela ABRAPP. Segundo os organizadores, o maior evento sobre Previd\u00eancia Complementar Fechada&#8230;<\/p>\n","protected":false},"author":4,"featured_media":0,"comment_status":"closed","ping_status":"closed","sticky":false,"template":"","format":"standard","meta":{"footnotes":""},"categories":[31],"tags":[],"class_list":["post-8204","post","type-post","status-publish","format-standard","hentry","category-noticias"],"_links":{"self":[{"href":"https:\/\/jusprev.org.br\/backup\/wp-json\/wp\/v2\/posts\/8204","targetHints":{"allow":["GET"]}}],"collection":[{"href":"https:\/\/jusprev.org.br\/backup\/wp-json\/wp\/v2\/posts"}],"about":[{"href":"https:\/\/jusprev.org.br\/backup\/wp-json\/wp\/v2\/types\/post"}],"author":[{"embeddable":true,"href":"https:\/\/jusprev.org.br\/backup\/wp-json\/wp\/v2\/users\/4"}],"replies":[{"embeddable":true,"href":"https:\/\/jusprev.org.br\/backup\/wp-json\/wp\/v2\/comments?post=8204"}],"version-history":[{"count":0,"href":"https:\/\/jusprev.org.br\/backup\/wp-json\/wp\/v2\/posts\/8204\/revisions"}],"wp:attachment":[{"href":"https:\/\/jusprev.org.br\/backup\/wp-json\/wp\/v2\/media?parent=8204"}],"wp:term":[{"taxonomy":"category","embeddable":true,"href":"https:\/\/jusprev.org.br\/backup\/wp-json\/wp\/v2\/categories?post=8204"},{"taxonomy":"post_tag","embeddable":true,"href":"https:\/\/jusprev.org.br\/backup\/wp-json\/wp\/v2\/tags?post=8204"}],"curies":[{"name":"wp","href":"https:\/\/api.w.org\/{rel}","templated":true}]}}