{"id":8209,"date":"2014-11-18T09:15:07","date_gmt":"2014-11-18T11:15:07","guid":{"rendered":"https:\/\/jusprev.org.br\/backup\/?p=8209"},"modified":"2014-11-18T09:15:07","modified_gmt":"2014-11-18T11:15:07","slug":"aposentadoria-deve-ser-programada-desde-o-primeiro-emprego","status":"publish","type":"post","link":"https:\/\/jusprev.org.br\/backup\/aposentadoria-deve-ser-programada-desde-o-primeiro-emprego\/","title":{"rendered":"Aposentadoria deve ser programada desde o primeiro emprego"},"content":{"rendered":"<p style=\"text-align: justify;\">O caminho para atingir o sonho de desfrutar uma aposentadoria tranquila depende de uma vari\u00e1vel importante: o planejamento. Especialistas revelam que grande parte das pessoas no Pa\u00eds n\u00e3o tra\u00e7a uma estrat\u00e9gia financeira de longo prazo e prop\u00f5em solu\u00e7\u00f5es para a introdu\u00e7\u00e3o do h\u00e1bito de poupar, pensando num futuro com qualidade de vida e paz financeira.<\/p>\n<p style=\"text-align: justify;\">E uma pesquisa divulgada esta semana pela Confedera\u00e7\u00e3o Nacional da Ind\u00fastria (CNI) refor\u00e7a esta tese, j\u00e1 que 46% dos brasileiros afirmam que n\u00e3o contar\u00e3o em nada com o Instituto Nacional do Seguro Social (INSS) para se manter na velhice.<\/p>\n<p style=\"text-align: justify;\">De acordo com o estudo, dos entrevistados, 13% acreditam que para garantir o sustento na terceira idade v\u00e3o ter de trabalhar. Outros 10% esperam contar exclusivamente com recursos pr\u00f3prios, como rendimento de poupan\u00e7a e alugu\u00e9is.<\/p>\n<p style=\"text-align: justify;\">A expectativa de sustento dos que ainda n\u00e3o se aposentaram contrasta com a realidade atual. Entre os brasileiros aposentados que participaram da pesquisa, somente 15% afirmaram se sustentar apenas com outras fontes de rendimento que n\u00e3o fosse a aposentadoria do INSS.<\/p>\n<p style=\"text-align: justify;\">O terapeuta financeiro e presidente da Associa\u00e7\u00e3o Brasileira de Educadores Financeiros (Abefin), Reinaldo Domingos, afirma que o brasileiro, infelizmente, n\u00e3o tem uma cultura de planejamento financeiro. \u201cBasta ver que, dos atuais 29 milh\u00f5es de brasileiros aposentados pelo INSS, somente 1% pode ser considerado independente financeiramente. Os demais est\u00e3o em situa\u00e7\u00e3o em que o dinheiro recebido pela aposentadoria \u00e9 insuficiente, com necessidade de recorrer a ajuda para garantir o m\u00ednimo de qualidade de vida\u201d, constata.<\/p>\n<p style=\"text-align: justify;\">Segundo o economista da T\u00e9cnica Finance Advisory, Erick Herbert Thau, justamente em fun\u00e7\u00e3o da aus\u00eancia ou do mau planejamento \u00e9 que \u201cmuitas pessoas j\u00e1 aposentadas acabam voltando ao mercado de trabalho, para complementar a renda e melhorar a condi\u00e7\u00e3o de vida\u201d.<\/p>\n<p style=\"text-align: justify;\">O economista revela que a situa\u00e7\u00e3o \u00e9 ainda mais preocupante nas classes menos favorecidas. \u201cS\u00e3o pessoas que naturalmente t\u00eam maior dificuldade de elaborar e cumprir um planejamento para a aposentadoria\u201d.<\/p>\n<p style=\"text-align: justify;\"><strong>Consumo<\/strong><\/p>\n<p style=\"text-align: justify;\"><strong><\/strong>O imediatismo no consumo \u00e9 outro vil\u00e3o apontado pelos especialistas como obst\u00e1culo rumo \u00e0 aposentadoria tranquila no Pa\u00eds. \u201cO comportamento do brasileiro \u00e9 baseado no presente. Ele vive o momento, sem guardar qualquer tipo de preocupa\u00e7\u00e3o a longo prazo. Isto faz com que ele se endivide desde cedo, o que \u00e9 fatal no processo de planejamento\u201d, destaca Francisco Cunha Lima Cintra, economista e s\u00f3cio do portal ZenEconomics.<\/p>\n<p style=\"text-align: justify;\">O consultor de neg\u00f3cios e s\u00f3cio do SCAI Group, Daniel Schnaider, concorda: \u201cO consumo moderno \u00e9 um grande entrave porque valoriza o presente e o status social em detrimento de um futuro melhor. As pessoas t\u00eam vivido o hoje intensamente, esquecendo de pensar no amanh\u00e3\u201d.<\/p>\n<p style=\"text-align: justify;\"><strong>Solu\u00e7\u00f5es<\/strong><\/p>\n<p style=\"text-align: justify;\"><strong><\/strong>A chave para alcan\u00e7ar a sonhada aposentadoria tranquila n\u00e3o demanda f\u00f3rmulas m\u00e1gicas, basta ter planejamento, garantem os especialistas. \u201cQuanto mais cedo se come\u00e7a o planejamento financeiro, mais cedo o indiv\u00edduo poder\u00e1 se aposentar e, provavelmente, com mais recursos e de maneira mais confort\u00e1vel\u201d, pontua Francisco Cintra.<\/p>\n<p style=\"text-align: justify;\">A psic\u00f3loga e orientadora de finan\u00e7as pessoais, Patr\u00edcia Rezende Chedid Sim\u00e3o, explica que existem alguns perfis de consumidores que inspiram cuidados: o impulsivo, que abre m\u00e3o de fazer o investimento para realizar um desejo de consumo; o de temperamento ansioso, que faz uso do recurso poupado na primeira dificuldade financeira que aparece; e o de baixa renda, cuja forma\u00e7\u00e3o de renda e patrim\u00f4nio tornam-se invi\u00e1veis.<\/p>\n<p style=\"text-align: justify;\">Independentemente do tipo de perfil, o economista Erick Thau indica que \u201co ideal \u00e9 que se inicie o plano da aposentadoria desde o primeiro trabalho, lembrando que, quanto antes inici\u00e1-lo, menores dever\u00e3o ser os valores mensais destinados para essa finalidade, comprometendo menos a renda\u201d.<\/p>\n<p style=\"text-align: justify;\"><strong>Poupar<\/strong><\/p>\n<p style=\"text-align: justify;\"><strong><\/strong>O presidente da Abefin sugere que, para iniciar uma poupan\u00e7a, devem ser guardados, inicialmente, 10% do ganho mensal. \u201c\u00c9 um valor pequeno, que n\u00e3o causar\u00e1 impactos no or\u00e7amento. Mas, aten\u00e7\u00e3o, essa quantia deve ser calculada sobre o total do valor ganho mensalmente, sem deixar para retir\u00e1-la apenas ap\u00f3s o pagamento de todas as despesas\u201d.<\/p>\n<p style=\"text-align: justify;\">Al\u00e9m do h\u00e1bito da poupan\u00e7a, tamb\u00e9m \u00e9 importante que cada pessoa calcule o valor necess\u00e1rio para ter garantido um padr\u00e3o de vida tranquilo, levando-se em considera\u00e7\u00e3o seus gastos mensais, al\u00e9m do fator idade.<\/p>\n<p style=\"text-align: justify;\">\u201cCom os avan\u00e7os na sa\u00fade, as pessoas devem estimar que viver\u00e3o pelo menos at\u00e9 95 anos de idade e que, com o aumento da expectativa de vida, tamb\u00e9m crescem os custos com rem\u00e9dios e com planos de sa\u00fade, itens que devem fazer parte desse c\u00e1lculo\u201d, diz Daniel Schnaider.<\/p>\n<p style=\"text-align: justify;\">fonte:\u00a0www.atribuna.com.br<\/p>\n","protected":false},"excerpt":{"rendered":"<p>O caminho para atingir o sonho de desfrutar uma aposentadoria tranquila depende de uma vari\u00e1vel importante: o planejamento. Especialistas revelam que grande parte das pessoas no Pa\u00eds n\u00e3o tra\u00e7a uma&#8230;<\/p>\n","protected":false},"author":4,"featured_media":0,"comment_status":"closed","ping_status":"closed","sticky":false,"template":"","format":"standard","meta":{"footnotes":""},"categories":[31],"tags":[],"class_list":["post-8209","post","type-post","status-publish","format-standard","hentry","category-noticias"],"_links":{"self":[{"href":"https:\/\/jusprev.org.br\/backup\/wp-json\/wp\/v2\/posts\/8209","targetHints":{"allow":["GET"]}}],"collection":[{"href":"https:\/\/jusprev.org.br\/backup\/wp-json\/wp\/v2\/posts"}],"about":[{"href":"https:\/\/jusprev.org.br\/backup\/wp-json\/wp\/v2\/types\/post"}],"author":[{"embeddable":true,"href":"https:\/\/jusprev.org.br\/backup\/wp-json\/wp\/v2\/users\/4"}],"replies":[{"embeddable":true,"href":"https:\/\/jusprev.org.br\/backup\/wp-json\/wp\/v2\/comments?post=8209"}],"version-history":[{"count":0,"href":"https:\/\/jusprev.org.br\/backup\/wp-json\/wp\/v2\/posts\/8209\/revisions"}],"wp:attachment":[{"href":"https:\/\/jusprev.org.br\/backup\/wp-json\/wp\/v2\/media?parent=8209"}],"wp:term":[{"taxonomy":"category","embeddable":true,"href":"https:\/\/jusprev.org.br\/backup\/wp-json\/wp\/v2\/categories?post=8209"},{"taxonomy":"post_tag","embeddable":true,"href":"https:\/\/jusprev.org.br\/backup\/wp-json\/wp\/v2\/tags?post=8209"}],"curies":[{"name":"wp","href":"https:\/\/api.w.org\/{rel}","templated":true}]}}