{"id":8217,"date":"2014-11-26T12:40:57","date_gmt":"2014-11-26T14:40:57","guid":{"rendered":"https:\/\/jusprev.org.br\/backup\/?p=8217"},"modified":"2014-11-26T12:40:57","modified_gmt":"2014-11-26T14:40:57","slug":"palestras-e-debates-de-altissimo-nivel-destacam-a-programacao-do-xii-congresso-nacional-do-ministerio-publico-de-contas","status":"publish","type":"post","link":"https:\/\/jusprev.org.br\/backup\/palestras-e-debates-de-altissimo-nivel-destacam-a-programacao-do-xii-congresso-nacional-do-ministerio-publico-de-contas\/","title":{"rendered":"Palestras e debates de alt\u00edssimo n\u00edvel, destacam a programa\u00e7\u00e3o do XII Congresso Nacional do Minist\u00e9rio P\u00fablico de Contas"},"content":{"rendered":"<p style=\"text-align: justify;\">Come\u00e7ou nesta quarta-feira (26) no Hotel Ritz Lagoa da Anta, em Macei\u00f3\/AL, o XII Congresso Nacional do Minist\u00e9rio P\u00fablico de Contas, organizado pelo MP de Contas de Alagoas. Considerado um dos maiores eventos jur\u00eddicos do pa\u00eds, esta edi\u00e7\u00e3o ter\u00e1 por escopo o amplo debate sobre o papel dos \u00f3rg\u00e3os de controle externo no combate \u00e0 corrup\u00e7\u00e3o e na efetiva\u00e7\u00e3o das pol\u00edticas p\u00fablicas no Brasil.<\/p>\n<p style=\"text-align: justify;\">Com um p\u00fablico alvo formado por Ju\u00edzes, Promotores, Procuradores do Minist\u00e9rio P\u00fablico de Contas, Conselheiros e servidores dos Tribunais de Contas, Advogados P\u00fablicos, Advogados, Serventu\u00e1rios da Justi\u00e7a e Estudantes de Direito o evento tem sua programa\u00e7\u00e3o marcada at\u00e9 a pr\u00f3xima sexta-feira (28).<\/p>\n<p style=\"text-align: justify;\">A Jusprev estar\u00e1 presente no evento, representada pela Dra. Deborah Maggio \u2013 Gerente Geral, e os participantes poder\u00e3o visitar o espa\u00e7o da entidade recebendo informa\u00e7\u00f5es e orienta\u00e7\u00f5es em rela\u00e7\u00e3o ao PLANJUS \u2013 Plano de Benef\u00edcios Previdenci\u00e1rios.<\/p>\n","protected":false},"excerpt":{"rendered":"<p>Come\u00e7ou nesta quarta-feira (26) no Hotel Ritz Lagoa da Anta, em Macei\u00f3\/AL, o XII Congresso Nacional do Minist\u00e9rio P\u00fablico de Contas, organizado pelo MP de Contas de Alagoas. Considerado um&#8230;<\/p>\n","protected":false},"author":4,"featured_media":0,"comment_status":"closed","ping_status":"closed","sticky":false,"template":"","format":"standard","meta":{"footnotes":""},"categories":[31],"tags":[],"class_list":["post-8217","post","type-post","status-publish","format-standard","hentry","category-noticias"],"_links":{"self":[{"href":"https:\/\/jusprev.org.br\/backup\/wp-json\/wp\/v2\/posts\/8217","targetHints":{"allow":["GET"]}}],"collection":[{"href":"https:\/\/jusprev.org.br\/backup\/wp-json\/wp\/v2\/posts"}],"about":[{"href":"https:\/\/jusprev.org.br\/backup\/wp-json\/wp\/v2\/types\/post"}],"author":[{"embeddable":true,"href":"https:\/\/jusprev.org.br\/backup\/wp-json\/wp\/v2\/users\/4"}],"replies":[{"embeddable":true,"href":"https:\/\/jusprev.org.br\/backup\/wp-json\/wp\/v2\/comments?post=8217"}],"version-history":[{"count":0,"href":"https:\/\/jusprev.org.br\/backup\/wp-json\/wp\/v2\/posts\/8217\/revisions"}],"wp:attachment":[{"href":"https:\/\/jusprev.org.br\/backup\/wp-json\/wp\/v2\/media?parent=8217"}],"wp:term":[{"taxonomy":"category","embeddable":true,"href":"https:\/\/jusprev.org.br\/backup\/wp-json\/wp\/v2\/categories?post=8217"},{"taxonomy":"post_tag","embeddable":true,"href":"https:\/\/jusprev.org.br\/backup\/wp-json\/wp\/v2\/tags?post=8217"}],"curies":[{"name":"wp","href":"https:\/\/api.w.org\/{rel}","templated":true}]}}