{"id":8225,"date":"2014-11-28T10:35:21","date_gmt":"2014-11-28T12:35:21","guid":{"rendered":"https:\/\/jusprev.org.br\/backup\/?p=8225"},"modified":"2014-11-28T10:35:21","modified_gmt":"2014-11-28T12:35:21","slug":"apamagis-promove-encontro-entre-seus-associados-e-a-jusprev","status":"publish","type":"post","link":"https:\/\/jusprev.org.br\/backup\/apamagis-promove-encontro-entre-seus-associados-e-a-jusprev\/","title":{"rendered":"APAMAGIS promove encontro entre seus associados e a JUSPREV"},"content":{"rendered":"<p style=\"text-align: justify;\">No dia 2 de dezembro, \u00e0s 18h00, a APAMAGIS promover\u00e1 na sua sede administrativa (Rua Tabatinguera,140 &#8211; S\u00e3o Paulo) um bate papo sobre educa\u00e7\u00e3o financeira e previdenci\u00e1ria, com a gerente geral da JUSPREV, Deborah Traldi Maggio.<\/p>\n<p style=\"text-align: justify;\">Na ocasi\u00e3o ser\u00e3o apresentadas, para os associados, informa\u00e7\u00f5es importantes do PLANJUS &#8211; Plano de Benef\u00edcios Previdenci\u00e1rios, institu\u00eddo exclusivamente para a classe, ressaltando as vantagens e os benef\u00edcios em aderir a um plano de previd\u00eancia complementar e a sua import\u00e2ncia para o momento da aposentadoria.<\/p>\n<p style=\"text-align: justify;\">A apresenta\u00e7\u00e3o ter\u00e1 transmiss\u00e3o ao vivo pelo site da APAMAGIS (<a href=\"http:\/\/www.apamagis.com.br\">www.apamagis.com.br<\/a>).<\/p>\n","protected":false},"excerpt":{"rendered":"<p>No dia 2 de dezembro, \u00e0s 18h00, a APAMAGIS promover\u00e1 na sua sede administrativa (Rua Tabatinguera,140 &#8211; S\u00e3o Paulo) um bate papo sobre educa\u00e7\u00e3o financeira e previdenci\u00e1ria, com a gerente&#8230;<\/p>\n","protected":false},"author":4,"featured_media":0,"comment_status":"closed","ping_status":"closed","sticky":false,"template":"","format":"standard","meta":{"footnotes":""},"categories":[31],"tags":[],"class_list":["post-8225","post","type-post","status-publish","format-standard","hentry","category-noticias"],"_links":{"self":[{"href":"https:\/\/jusprev.org.br\/backup\/wp-json\/wp\/v2\/posts\/8225","targetHints":{"allow":["GET"]}}],"collection":[{"href":"https:\/\/jusprev.org.br\/backup\/wp-json\/wp\/v2\/posts"}],"about":[{"href":"https:\/\/jusprev.org.br\/backup\/wp-json\/wp\/v2\/types\/post"}],"author":[{"embeddable":true,"href":"https:\/\/jusprev.org.br\/backup\/wp-json\/wp\/v2\/users\/4"}],"replies":[{"embeddable":true,"href":"https:\/\/jusprev.org.br\/backup\/wp-json\/wp\/v2\/comments?post=8225"}],"version-history":[{"count":0,"href":"https:\/\/jusprev.org.br\/backup\/wp-json\/wp\/v2\/posts\/8225\/revisions"}],"wp:attachment":[{"href":"https:\/\/jusprev.org.br\/backup\/wp-json\/wp\/v2\/media?parent=8225"}],"wp:term":[{"taxonomy":"category","embeddable":true,"href":"https:\/\/jusprev.org.br\/backup\/wp-json\/wp\/v2\/categories?post=8225"},{"taxonomy":"post_tag","embeddable":true,"href":"https:\/\/jusprev.org.br\/backup\/wp-json\/wp\/v2\/tags?post=8225"}],"curies":[{"name":"wp","href":"https:\/\/api.w.org\/{rel}","templated":true}]}}