{"id":8229,"date":"2014-12-02T12:56:20","date_gmt":"2014-12-02T14:56:20","guid":{"rendered":"https:\/\/jusprev.org.br\/backup\/?p=8229"},"modified":"2014-12-02T12:56:20","modified_gmt":"2014-12-02T14:56:20","slug":"aumento-da-expectativa-de-vida-reduz-valor-da-aposentadoria-no-pais","status":"publish","type":"post","link":"https:\/\/jusprev.org.br\/backup\/aumento-da-expectativa-de-vida-reduz-valor-da-aposentadoria-no-pais\/","title":{"rendered":"Aumento da expectativa de vida reduz valor da aposentadoria no pa\u00eds"},"content":{"rendered":"<p style=\"text-align: justify;\"><em>Dados divulgados pelo IBGE nesta segunda-feira diminuem em at\u00e9 0,92% a aposentadoria paga para os pensionistas brasileiros<\/em><\/p>\n<p style=\"text-align: justify;\">O\u00a0aumento na esperan\u00e7a de vida dos brasileiros\u00a0levou a uma redu\u00e7\u00e3o de at\u00e9 0,92% na aposentadoria dos homens e de 0,78% na das mulheres, segundo c\u00e1lculos do\u00a0Instituto Brasileiro de Estudos Previdenci\u00e1rios\u00a0(Ibep), com base nas T\u00e1buas Completas de Mortalidade do Brasil de 2013, divulgadas nesta segunda-feira pelo Instituto Brasileiro de Geografia e Estat\u00edstica (IBGE).<\/p>\n<p style=\"text-align: justify;\">A esperan\u00e7a de vida ao nascer aumentou para 74,9 anos em 2013 \u2014 3 meses e 25 dias a mais do que em 2012, quando era de 74,6 anos. O dado \u00e9 usado pelo Minist\u00e9rio da Previd\u00eancia Social como um dos par\u00e2metros para determinar o fator previdenci\u00e1rio no c\u00e1lculo das aposentadorias do Regime Geral de Previd\u00eancia Social.<\/p>\n<p style=\"text-align: justify;\">Um homem de 60 anos de idade e 35 anos de contribui\u00e7\u00e3o pelo sal\u00e1rio teto doINSS\u00a0(de R$ 4.390,24), receberia R$ 3.767,73 mensais caso tivesse requisitado a aposentadoria at\u00e9 a \u00faltima sexta-feira, dia 28 de novembro. A partir desta segunda-feira, um contribuinte nas mesmas condi\u00e7\u00f5es de idade e tempo de contribui\u00e7\u00e3o que der entrada no benef\u00edcio receber\u00e1 R$ 3.733,16, o equivalente a R$ 34,57 a menos.<\/p>\n<p style=\"text-align: justify;\">J\u00e1 uma mulher de 55 anos de idade e 30 anos de contribui\u00e7\u00e3o receberia de aposentadoria R$ 2.630,68 se o pedido tivesse sido feito at\u00e9 sexta-feira. A partir desta segunda-feira, o benef\u00edcio cai a R$ 2.610,21, o equivalente a R$ 20,47 a menos.<\/p>\n<p>\u2014 A diferen\u00e7a n\u00e3o \u00e9 t\u00e3o grande de um ano para o outro porque as T\u00e1buas do IBGE de 2013 foram feitas com base em proje\u00e7\u00f5es, n\u00e3o em contagem populacional \u2014 explicou Luciano Gon\u00e7alves de Castro e Silva, atu\u00e1rio do Ibep.<\/p>\n<p style=\"text-align: justify;\">fonte:\u00a0zh.clicrbs.com.br<\/p>\n","protected":false},"excerpt":{"rendered":"<p>Dados divulgados pelo IBGE nesta segunda-feira diminuem em at\u00e9 0,92% a aposentadoria paga para os pensionistas brasileiros O\u00a0aumento na esperan\u00e7a de vida dos brasileiros\u00a0levou a uma redu\u00e7\u00e3o de at\u00e9 0,92%&#8230;<\/p>\n","protected":false},"author":4,"featured_media":0,"comment_status":"closed","ping_status":"closed","sticky":false,"template":"","format":"standard","meta":{"footnotes":""},"categories":[31],"tags":[],"class_list":["post-8229","post","type-post","status-publish","format-standard","hentry","category-noticias"],"_links":{"self":[{"href":"https:\/\/jusprev.org.br\/backup\/wp-json\/wp\/v2\/posts\/8229","targetHints":{"allow":["GET"]}}],"collection":[{"href":"https:\/\/jusprev.org.br\/backup\/wp-json\/wp\/v2\/posts"}],"about":[{"href":"https:\/\/jusprev.org.br\/backup\/wp-json\/wp\/v2\/types\/post"}],"author":[{"embeddable":true,"href":"https:\/\/jusprev.org.br\/backup\/wp-json\/wp\/v2\/users\/4"}],"replies":[{"embeddable":true,"href":"https:\/\/jusprev.org.br\/backup\/wp-json\/wp\/v2\/comments?post=8229"}],"version-history":[{"count":0,"href":"https:\/\/jusprev.org.br\/backup\/wp-json\/wp\/v2\/posts\/8229\/revisions"}],"wp:attachment":[{"href":"https:\/\/jusprev.org.br\/backup\/wp-json\/wp\/v2\/media?parent=8229"}],"wp:term":[{"taxonomy":"category","embeddable":true,"href":"https:\/\/jusprev.org.br\/backup\/wp-json\/wp\/v2\/categories?post=8229"},{"taxonomy":"post_tag","embeddable":true,"href":"https:\/\/jusprev.org.br\/backup\/wp-json\/wp\/v2\/tags?post=8229"}],"curies":[{"name":"wp","href":"https:\/\/api.w.org\/{rel}","templated":true}]}}