{"id":8231,"date":"2014-12-02T17:11:16","date_gmt":"2014-12-02T19:11:16","guid":{"rendered":"https:\/\/jusprev.org.br\/backup\/?p=8231"},"modified":"2014-12-02T17:11:16","modified_gmt":"2014-12-02T19:11:16","slug":"10-forum-de-perspectivas-de-investimentos-e-realizado-em-curitiba","status":"publish","type":"post","link":"https:\/\/jusprev.org.br\/backup\/10-forum-de-perspectivas-de-investimentos-e-realizado-em-curitiba\/","title":{"rendered":"10\u00b0 F\u00f3rum de Perspectivas de Investimentos \u00e9 realizado em Curitiba"},"content":{"rendered":"<p style=\"text-align: justify;\">A revista Investidor Institucional promoveu, nesta ter\u00e7a-feira (02), no Hotel Bourbon Convention &#8211; Curitiba o 10\u00ba F\u00f3rum de Perspectivas de Investimentos 2015, destinado a debater as perspectivas para as carteiras de investimento dos institucionais no ano que vem, j\u00e1 num cen\u00e1rio p\u00f3s-elei\u00e7\u00f5es.<\/p>\n<p style=\"text-align: justify;\">Entre outros, o f\u00f3rum abordar\u00e1 os seguintes temas em seus pain\u00e9is: Juros e perspectivas para a renda fixa; Bolsas e Perspectivas para a renda vari\u00e1vel; Cen\u00e1rios e perspectivas para investimentos alternativos.<\/p>\n<p style=\"text-align: justify;\">O f\u00f3rum \u00e9 realizado duas vezes ao ano, sendo a primeira edi\u00e7\u00e3o em maio onde s\u00e3o discutidas as perspectivas para o 2\u00ba semestre e na segunda edi\u00e7\u00e3o s\u00e3o discutidas as perspectivas para o ano seguinte. Cada edi\u00e7\u00e3o do f\u00f3rum re\u00fane uma m\u00e9dia de 500 participantes, somando os inscritos em todas as capitais. Nesta edi\u00e7\u00e3o, com a inclus\u00e3o de Belo Horizonte no roteiro dos debates, esse n\u00famero deve crescer.<\/p>\n<p style=\"text-align: justify;\">A JUSPREV participou do evento, representada pelo Dr. F\u00e1bio Bertoli Esmanhotto \u2013 Presidente do Comit\u00ea de Investimentos, Dr. Laerzio Chiesorin Junior \u2013 Conselheiro Deliberativo e pelo Analista Econ\u00f4mico \u2013 Allan Nogueira.<\/p>\n","protected":false},"excerpt":{"rendered":"<p>A revista Investidor Institucional promoveu, nesta ter\u00e7a-feira (02), no Hotel Bourbon Convention &#8211; Curitiba o 10\u00ba F\u00f3rum de Perspectivas de Investimentos 2015, destinado a debater as perspectivas para as carteiras&#8230;<\/p>\n","protected":false},"author":4,"featured_media":0,"comment_status":"closed","ping_status":"closed","sticky":false,"template":"","format":"standard","meta":{"footnotes":""},"categories":[31],"tags":[],"class_list":["post-8231","post","type-post","status-publish","format-standard","hentry","category-noticias"],"_links":{"self":[{"href":"https:\/\/jusprev.org.br\/backup\/wp-json\/wp\/v2\/posts\/8231","targetHints":{"allow":["GET"]}}],"collection":[{"href":"https:\/\/jusprev.org.br\/backup\/wp-json\/wp\/v2\/posts"}],"about":[{"href":"https:\/\/jusprev.org.br\/backup\/wp-json\/wp\/v2\/types\/post"}],"author":[{"embeddable":true,"href":"https:\/\/jusprev.org.br\/backup\/wp-json\/wp\/v2\/users\/4"}],"replies":[{"embeddable":true,"href":"https:\/\/jusprev.org.br\/backup\/wp-json\/wp\/v2\/comments?post=8231"}],"version-history":[{"count":0,"href":"https:\/\/jusprev.org.br\/backup\/wp-json\/wp\/v2\/posts\/8231\/revisions"}],"wp:attachment":[{"href":"https:\/\/jusprev.org.br\/backup\/wp-json\/wp\/v2\/media?parent=8231"}],"wp:term":[{"taxonomy":"category","embeddable":true,"href":"https:\/\/jusprev.org.br\/backup\/wp-json\/wp\/v2\/categories?post=8231"},{"taxonomy":"post_tag","embeddable":true,"href":"https:\/\/jusprev.org.br\/backup\/wp-json\/wp\/v2\/tags?post=8231"}],"curies":[{"name":"wp","href":"https:\/\/api.w.org\/{rel}","templated":true}]}}