{"id":8237,"date":"2014-12-09T16:35:33","date_gmt":"2014-12-09T18:35:33","guid":{"rendered":"https:\/\/jusprev.org.br\/backup\/?p=8237"},"modified":"2014-12-09T16:35:33","modified_gmt":"2014-12-09T18:35:33","slug":"jusprev-tem-membro-do-conselho-fiscal-certificado-pelo-icss","status":"publish","type":"post","link":"https:\/\/jusprev.org.br\/backup\/jusprev-tem-membro-do-conselho-fiscal-certificado-pelo-icss\/","title":{"rendered":"JUSPREV tem membro do Conselho Fiscal certificado pelo ICSS"},"content":{"rendered":"<p style=\"text-align: justify;\">Membro suplente do Conselho Fiscal da JUSPREV, Dr. Alcino Oliveira de Moraes, obteve a certifica\u00e7\u00e3o do Instituto de Certifica\u00e7\u00e3o dos Profissionais de Seguridade Social (ICSS). O Instituto, atrav\u00e9s de sua banca de avalia\u00e7\u00e3o, manifestou-se pela aprova\u00e7\u00e3o da certifica\u00e7\u00e3o por crit\u00e9rio de an\u00e1lise de experi\u00eancia.<\/p>\n<p style=\"text-align: justify;\">A Educa\u00e7\u00e3o Continuada de Conselheiros e Dirigentes deve ser reconhecida como importante conduta a ser perseguida por todos os profissionais certificados. A certifica\u00e7\u00e3o de profissionais dos fundos de pens\u00e3o \u00e9 um processo de aferi\u00e7\u00e3o de conhecimento e habilidades\u00a0em determinada \u00e1rea com o objetivo de atestar sua compet\u00eancia no exerc\u00edcio do cargo ou fun\u00e7\u00e3o. A\u00a0certifica\u00e7\u00e3o do ICSS foi desenvolvida como instrumento de autorregula\u00e7\u00e3o do sistema de previd\u00eancia complementar.<\/p>\n","protected":false},"excerpt":{"rendered":"<p>Membro suplente do Conselho Fiscal da JUSPREV, Dr. Alcino Oliveira de Moraes, obteve a certifica\u00e7\u00e3o do Instituto de Certifica\u00e7\u00e3o dos Profissionais de Seguridade Social (ICSS). O Instituto, atrav\u00e9s de sua&#8230;<\/p>\n","protected":false},"author":4,"featured_media":0,"comment_status":"closed","ping_status":"closed","sticky":false,"template":"","format":"standard","meta":{"footnotes":""},"categories":[31],"tags":[],"class_list":["post-8237","post","type-post","status-publish","format-standard","hentry","category-noticias"],"_links":{"self":[{"href":"https:\/\/jusprev.org.br\/backup\/wp-json\/wp\/v2\/posts\/8237","targetHints":{"allow":["GET"]}}],"collection":[{"href":"https:\/\/jusprev.org.br\/backup\/wp-json\/wp\/v2\/posts"}],"about":[{"href":"https:\/\/jusprev.org.br\/backup\/wp-json\/wp\/v2\/types\/post"}],"author":[{"embeddable":true,"href":"https:\/\/jusprev.org.br\/backup\/wp-json\/wp\/v2\/users\/4"}],"replies":[{"embeddable":true,"href":"https:\/\/jusprev.org.br\/backup\/wp-json\/wp\/v2\/comments?post=8237"}],"version-history":[{"count":0,"href":"https:\/\/jusprev.org.br\/backup\/wp-json\/wp\/v2\/posts\/8237\/revisions"}],"wp:attachment":[{"href":"https:\/\/jusprev.org.br\/backup\/wp-json\/wp\/v2\/media?parent=8237"}],"wp:term":[{"taxonomy":"category","embeddable":true,"href":"https:\/\/jusprev.org.br\/backup\/wp-json\/wp\/v2\/categories?post=8237"},{"taxonomy":"post_tag","embeddable":true,"href":"https:\/\/jusprev.org.br\/backup\/wp-json\/wp\/v2\/tags?post=8237"}],"curies":[{"name":"wp","href":"https:\/\/api.w.org\/{rel}","templated":true}]}}