{"id":8249,"date":"2014-12-16T12:33:23","date_gmt":"2014-12-16T14:33:23","guid":{"rendered":"https:\/\/jusprev.org.br\/backup\/?p=8249"},"modified":"2014-12-16T12:33:23","modified_gmt":"2014-12-16T14:33:23","slug":"jusprev-realiza-reuniao-dos-orgaos-colegiados-2","status":"publish","type":"post","link":"https:\/\/jusprev.org.br\/backup\/jusprev-realiza-reuniao-dos-orgaos-colegiados-2\/","title":{"rendered":"JUSPREV realiza reuni\u00e3o dos \u00d3rg\u00e3os Colegiados"},"content":{"rendered":"<p style=\"text-align: justify;\">Integrantes do Col\u00e9gio de Instituidoras, do Conselho Deliberativo, Conselho Fiscal e a Diretoria Executiva da JUSPREV se reuniram, na segunda-feira (15), no audit\u00f3rio da Associa\u00e7\u00e3o Paranaense do Minist\u00e9rio P\u00fablico, em Curitiba, para discuss\u00e3o e delibera\u00e7\u00e3o acerca de assuntos de suas compet\u00eancias. A reuni\u00e3o foi presidida pelo Presidente do Conselho Deliberativo &#8211; \u00a0Dr. Luiz Ant\u00f4nio Ferreira de Ara\u00fajo, e tamb\u00e9m compunham a mesa a Diretora-Presidente &#8211; Dra. Maria Tereza Uille Gomes, o Diretor Administrativo Financeiro &#8211; Dr. Jair Eduardo Santana e o Diretor Jur\u00eddico e de Benef\u00edcios &#8211; Dr. Vanderley Jos\u00e9 Ma\u00e7aneiro.<\/p>\n<p style=\"text-align: justify;\">Um dos pontos fortes da reuni\u00e3o foi a explana\u00e7\u00e3o sobre o fundo JUSPREV, e as expectativas e estrat\u00e9gias para 2015, apresentadas pelas assets respons\u00e1veis pela gest\u00e3o dos investimentos, BRAM \u2013 Bradesco Asset Management e DLM Invista Asset Management. Ap\u00f3s a Aditus Consultoria, representada por seu s\u00f3cio fundador Guilherme Benites, explanou sobre os riscos de investimentos, realizando uma an\u00e1lise das estrat\u00e9gias dos gestores e apresentou, ainda, a pol\u00edtica de Investimentos para o exerc\u00edcio de 2015.<\/p>\n<p style=\"text-align: justify;\">O destaque da reuni\u00e3o foi a escolha da Dra. Margarida Lopes de Ara\u00fajo da ANFIP \u2013 Associa\u00e7\u00e3o Nacional dos Auditores Fiscais da Receita Federal do Brasil, para presidir o Col\u00e9gio de Instituidoras. Os demais assuntos discutidos foram o plano de custeio e o or\u00e7amento anual para o exerc\u00edcio de 2015, apresenta\u00e7\u00e3o de estrat\u00e9gias para a diminui\u00e7\u00e3o da taxa de carregamento apresentada pelo Diretor da Data A Consultoria, Tuln\u00ea Vieira, as a\u00e7\u00f5es de comercializa\u00e7\u00e3o realizadas pela JUSPREV em 2014, bem como as estrat\u00e9gias para 2015.<\/p>\n<p style=\"text-align: justify;\"><a href=\"https:\/\/jusprev.org.br\/backup\/wp-content\/uploads\/2014\/12\/20141215_143108.jpg\"><img loading=\"lazy\" decoding=\"async\" class=\"alignnone  wp-image-8250\" alt=\"20141215_143108\" src=\"https:\/\/jusprev.org.br\/backup\/wp-content\/uploads\/2014\/12\/20141215_143108.jpg\" width=\"277\" height=\"207\" \/><\/a>\u00a0<a href=\"https:\/\/jusprev.org.br\/backup\/wp-content\/uploads\/2014\/12\/20141215_143310.jpg\"><img loading=\"lazy\" decoding=\"async\" class=\"alignnone  wp-image-8251\" alt=\"20141215_143310\" src=\"https:\/\/jusprev.org.br\/backup\/wp-content\/uploads\/2014\/12\/20141215_143310.jpg\" width=\"277\" height=\"207\" \/><\/a> <a href=\"https:\/\/jusprev.org.br\/backup\/wp-content\/uploads\/2014\/12\/20141215_163806.jpg\"><img loading=\"lazy\" decoding=\"async\" class=\"alignnone  wp-image-8252\" alt=\"20141215_163806\" src=\"https:\/\/jusprev.org.br\/backup\/wp-content\/uploads\/2014\/12\/20141215_163806.jpg\" width=\"277\" height=\"207\" \/><\/a><\/p>\n<p style=\"text-align: justify;\"><a href=\"https:\/\/jusprev.org.br\/backup\/wp-content\/uploads\/2014\/12\/20141215_174101.jpg\"><img loading=\"lazy\" decoding=\"async\" class=\"alignnone  wp-image-8259\" alt=\"20141215_174101\" src=\"https:\/\/jusprev.org.br\/backup\/wp-content\/uploads\/2014\/12\/20141215_174101.jpg\" width=\"277\" height=\"207\" \/><\/a><\/p>\n","protected":false},"excerpt":{"rendered":"<p>Integrantes do Col\u00e9gio de Instituidoras, do Conselho Deliberativo, Conselho Fiscal e a Diretoria Executiva da JUSPREV se reuniram, na segunda-feira (15), no audit\u00f3rio da Associa\u00e7\u00e3o Paranaense do Minist\u00e9rio P\u00fablico, em&#8230;<\/p>\n","protected":false},"author":4,"featured_media":0,"comment_status":"closed","ping_status":"closed","sticky":false,"template":"","format":"standard","meta":{"footnotes":""},"categories":[31],"tags":[],"class_list":["post-8249","post","type-post","status-publish","format-standard","hentry","category-noticias"],"_links":{"self":[{"href":"https:\/\/jusprev.org.br\/backup\/wp-json\/wp\/v2\/posts\/8249","targetHints":{"allow":["GET"]}}],"collection":[{"href":"https:\/\/jusprev.org.br\/backup\/wp-json\/wp\/v2\/posts"}],"about":[{"href":"https:\/\/jusprev.org.br\/backup\/wp-json\/wp\/v2\/types\/post"}],"author":[{"embeddable":true,"href":"https:\/\/jusprev.org.br\/backup\/wp-json\/wp\/v2\/users\/4"}],"replies":[{"embeddable":true,"href":"https:\/\/jusprev.org.br\/backup\/wp-json\/wp\/v2\/comments?post=8249"}],"version-history":[{"count":0,"href":"https:\/\/jusprev.org.br\/backup\/wp-json\/wp\/v2\/posts\/8249\/revisions"}],"wp:attachment":[{"href":"https:\/\/jusprev.org.br\/backup\/wp-json\/wp\/v2\/media?parent=8249"}],"wp:term":[{"taxonomy":"category","embeddable":true,"href":"https:\/\/jusprev.org.br\/backup\/wp-json\/wp\/v2\/categories?post=8249"},{"taxonomy":"post_tag","embeddable":true,"href":"https:\/\/jusprev.org.br\/backup\/wp-json\/wp\/v2\/tags?post=8249"}],"curies":[{"name":"wp","href":"https:\/\/api.w.org\/{rel}","templated":true}]}}