{"id":8268,"date":"2014-12-17T10:17:43","date_gmt":"2014-12-17T12:17:43","guid":{"rendered":"https:\/\/jusprev.org.br\/backup\/?p=8268"},"modified":"2014-12-17T10:17:43","modified_gmt":"2014-12-17T12:17:43","slug":"expediente-de-final-de-ano","status":"publish","type":"post","link":"https:\/\/jusprev.org.br\/backup\/expediente-de-final-de-ano\/","title":{"rendered":"Expediente de final de ano"},"content":{"rendered":"<p style=\"text-align: justify;\"><span style=\"color: #000000;\">A\u00a0JUSPREV comunica que n\u00e3o haver\u00e1 expediente na entidade nos dias <b>19, 24, 25, 26<\/b> e <b>31 de dezembro de 2014<\/b> e <b>01 e 02 de janeiro de 2015<\/b>, em virtude \u00e0s festividades de fim de ano.<\/span><\/p>\n<p style=\"text-align: justify;\"><span style=\"color: #000000;\">No dia 05 de janeiro todos os servi\u00e7os voltar\u00e3o a normalidade durante expediente de 9h \u00e0s 18h.<\/span><\/p>\n<p style=\"text-align: justify;\"><span style=\"color: #000000;\">Desejamos a todos um Feliz Natal e um \u00f3timo 2015!<\/span><\/p>\n","protected":false},"excerpt":{"rendered":"<p>A\u00a0JUSPREV comunica que n\u00e3o haver\u00e1 expediente na entidade nos dias 19, 24, 25, 26 e 31 de dezembro de 2014 e 01 e 02 de janeiro de 2015, em virtude&#8230;<\/p>\n","protected":false},"author":4,"featured_media":0,"comment_status":"closed","ping_status":"closed","sticky":false,"template":"","format":"standard","meta":{"footnotes":""},"categories":[31],"tags":[],"class_list":["post-8268","post","type-post","status-publish","format-standard","hentry","category-noticias"],"_links":{"self":[{"href":"https:\/\/jusprev.org.br\/backup\/wp-json\/wp\/v2\/posts\/8268","targetHints":{"allow":["GET"]}}],"collection":[{"href":"https:\/\/jusprev.org.br\/backup\/wp-json\/wp\/v2\/posts"}],"about":[{"href":"https:\/\/jusprev.org.br\/backup\/wp-json\/wp\/v2\/types\/post"}],"author":[{"embeddable":true,"href":"https:\/\/jusprev.org.br\/backup\/wp-json\/wp\/v2\/users\/4"}],"replies":[{"embeddable":true,"href":"https:\/\/jusprev.org.br\/backup\/wp-json\/wp\/v2\/comments?post=8268"}],"version-history":[{"count":0,"href":"https:\/\/jusprev.org.br\/backup\/wp-json\/wp\/v2\/posts\/8268\/revisions"}],"wp:attachment":[{"href":"https:\/\/jusprev.org.br\/backup\/wp-json\/wp\/v2\/media?parent=8268"}],"wp:term":[{"taxonomy":"category","embeddable":true,"href":"https:\/\/jusprev.org.br\/backup\/wp-json\/wp\/v2\/categories?post=8268"},{"taxonomy":"post_tag","embeddable":true,"href":"https:\/\/jusprev.org.br\/backup\/wp-json\/wp\/v2\/tags?post=8268"}],"curies":[{"name":"wp","href":"https:\/\/api.w.org\/{rel}","templated":true}]}}