{"id":8289,"date":"2015-01-06T10:22:04","date_gmt":"2015-01-06T12:22:04","guid":{"rendered":"https:\/\/jusprev.org.br\/backup\/?p=8289"},"modified":"2015-01-06T10:22:04","modified_gmt":"2015-01-06T12:22:04","slug":"a-velhice-no-mundo-contemporaneo","status":"publish","type":"post","link":"https:\/\/jusprev.org.br\/backup\/a-velhice-no-mundo-contemporaneo\/","title":{"rendered":"A Velhice no Mundo Contempor\u00e2neo"},"content":{"rendered":"<p style=\"text-align: justify;\"><em>Artigo &#8211; Francisco Miguel de Moura<\/em><\/p>\n<p style=\"text-align: justify;\">Na Europa e nos pa\u00edses desenvolvidos, a popula\u00e7\u00e3o de velhos supera a das outras idades. Nem por isto eles est\u00e3o assustados como mant\u00ea-la e dentro de padr\u00f5es razo\u00e1veis. No Brasil, caminhamos para a mesma situa\u00e7\u00e3o.<\/p>\n<p style=\"text-align: justify;\">Amanh\u00e3, tamb\u00e9m serei velho e precisarei de algu\u00e9m que cuide de mim\u00bb &#8211; essa deveria ser a reflex\u00e3o dos filhos, genros e noras, num mundo em que cada vez o homem vive mais.\u00a0 Viver \u00e9 uma gl\u00f3ria. Viver at\u00e9 ficar velhinho, antes de ser o desejo de quase todos os homens, \u00e9 um pr\u00eamio.<\/p>\n<p style=\"text-align: justify;\">A fam\u00edlia, c\u00e9lula MATER da sociedade,\u00a0 n\u00e3o deve ser lembrada apenas nas horas de alegria. Do nascimento \u00e0 morte, os membros da fam\u00edlia devem ter em mente que t\u00eam compromissos uns com os outros. N\u00e3o s\u00f3 compromissos, mas obriga\u00e7\u00f5es legais.\u00a0 Todos somos carentes, e essa car\u00eancia fortalece a fam\u00edlia. Mas os velhos e as crian\u00e7as, pela sua fragilidade,\u00a0 s\u00e3o muito mais carentes, necessitam de carinho especial. Os familiares, em primeiro lugar, quando no gozo maior de sua for\u00e7a e maturidade devem dar todo o apoio aos mais fracos.<\/p>\n<p style=\"text-align: justify;\">Quando se fala sobre o trato que recebem (ou n\u00e3o) os idosos no \u00e2mbito familiar, lembremos tamb\u00e9m da esfera p\u00fablica e do que l\u00e1 acontece. No Brasil transit\u00f3rio do colonialismo e para o imperialismo, nosso neo-socialismo de agora presencia o abandono, a rejei\u00e7\u00e3o, o apartheid e \u00e0s vezes a persegui\u00e7\u00e3o ao idoso, aposentado ou n\u00e3o.<\/p>\n<p style=\"text-align: justify;\">Outra coisa: dizem por a\u00ed que a Previd\u00eancia Oficial est\u00e1 falida. Muitos pol\u00edticos querem privatiz\u00e1-la, o que \u00e9 uma ignom\u00ednia. Se a Previd\u00eancia est\u00e1 falida, a culpa n\u00e3o \u00e9 dos aposentados, especialmente das aposentadorias pequenas e m\u00e9dias, conseguidas dentro dos princ\u00edpios legais, honestamente. Ela ampara milhares de nossos velhinhos, que deram a vida pela na\u00e7\u00e3o, trabalhando, suando. Ela lhes d\u00e1 a dignidade de viver at\u00e9 o fim. J\u00e1 tivemos at\u00e9 um Presidente do Brasil que, num momento de ironia, chamou\u00a0 os aposentados de vagabundos. Ora, ora, meu Deus!<\/p>\n<p style=\"text-align: justify;\">As causas da queixa de quebra do INSS s\u00e3o outras. S\u00e3o a m\u00e1 administra\u00e7\u00e3o, s\u00e3o as concess\u00f5es de benef\u00edcios pol\u00edticos ao arrepio da lei. S\u00e3o furtos e roubos at\u00e9 fabulosos. S\u00e3o a n\u00e3o cobran\u00e7a das empresas que ret\u00eam as contribui\u00e7\u00f5es dos seus funcion\u00e1rios e n\u00e3o entregam aos cofres do INSS. S\u00e3o todos os\u00a0 desvios que acontecem na burocracia e nos maus h\u00e1bitos pol\u00edticos.<\/p>\n<p style=\"text-align: justify;\">Com tantos milh\u00f5es de aposentados massacrados pelo baixo sal\u00e1rio, sacrificando-se na espera de uma consulta, morando de favor, assaltados por pivetes nas filas dos bancos ou morrendo nessas mesmas filas por falta de assist\u00eancia m\u00e9dica, como se fosse crime ser idoso, isto \u00e9 pa\u00eds nada s\u00e9rio. Um pa\u00eds que deixa seus milhares de crian\u00e7a sem escola, soltos nas ruas, alistando-se na droga, no crime ou simplesmente na vadiagem; um pa\u00eds que tolera milhares e milhares de desempregados, fechamentos e mais fechamentos de f\u00e1bricas e empresas, com a desculpa de que \u00e9 mais barato importar produtos de outros pa\u00edses, \u00e9 um pa\u00eds que est\u00e1 fadado a ficar cada vez mais pobre, mais dependente do exterior, do capital internacional que reduz tudo a moeda (na m\u00e3o deles) e mis\u00e9ria para o resto do povo.<\/p>\n<p style=\"text-align: justify;\">Uma crisezinha da \u00c1sia, na Oceania, ou mesmo na Am\u00e9rica do Norte n\u00e3o devia abalar o mundo. Mas agora basta o governo de um pequeno pa\u00eds nos confins do mundo deixar a bolsa cair, da\u00ed os juros se elevam, o or\u00e7amento se fecha (para a Educa\u00e7\u00e3o, para a Sa\u00fade, para a Seguran\u00e7a). S\u00f3 n\u00e3o se fecha para as mamatas, para as viagens deles, os afortunados pol\u00edticos. \u00c8 a corrup\u00e7\u00e3o generalizada, exemplos que chegam at\u00e9 o porteiro do edif\u00edcio habitacional mais distante. Esse filme foi visto at\u00e9 agora com outro nome: coloniza\u00e7\u00e3o, imperialismo, corrup\u00e7\u00e3o. Ou \u201cglobaliza\u00e7\u00e3o\u201d pelo dinheiro (bancos) atrav\u00e9s da internet. Tudo novo,\u00a0 modernidade, nome bonito para uma coisa que est\u00e1 ficando t\u00e3o feia. E enquanto o mundo caminha para a agudiza\u00e7\u00e3o do individualismo, a pol\u00edtica econ\u00f4mica vem com essa hist\u00f3ria de globaliza\u00e7\u00e3o, o mundo \u00e9 um s\u00f3! Dif\u00edcil entender.<\/p>\n<p style=\"text-align: justify;\">Completamos mais de 500 anos de exist\u00eancia na historia ocidental, isto \u00e9, do descobrimento pelos portugueses. Somos velhos. Temos uma popula\u00e7\u00e3o cada vez mais madura. Teremos muito mais velhos num futuro pr\u00f3ximo. E quem vai cuidar desses velhos? S\u00e3o voc\u00eas. E de voc\u00eas, quando precisarem de cuidados? S\u00e3o seus filhos. Assim foi, assim ser\u00e1. Sem dispensar o cuidado do Estado, que deve lembrar do indiv\u00edduo como um todo, n\u00e3o apenas como contribuinte. Nossa popula\u00e7\u00e3o e nosso governo precisam tomar consci\u00eancia disto urgentemente. O Ministro Reynold Stephanes disse h\u00e1 pouco tempo que, depois da Reforma da Previd\u00eancia, haver\u00e1 a garantia de que em torno de um milh\u00e3o de idosos e deficientes ter\u00e3o uma renda m\u00ednima &#8211; n\u00e3o disse de quanto. Mas um milh\u00e3o \u00e9 pouco. Pela marcha da carruagem teremos muito mais pessoas necessitando desse m\u00ednimo, dentro de pouco tempo. O Ministro Garibaldo Alves \u00e9 outro que levou a Previd\u00eancia Social a s\u00e9rio. Mas o que se v\u00ea e se viu \u00e9 a falta de apoio do Poder Executivo, enquanto apoia a interven\u00e7\u00e3o de outros \u00f3rg\u00e3os governamentais de for\u00e7a financeira nas leis e administra\u00e7\u00e3o do INSS.<\/p>\n<p style=\"text-align: justify;\">O problema do sistema previdenci\u00e1rio adotado \u00e9 que poucos, e s\u00e3o os que ganham menos, e s\u00e3o os que pagam, pagam mesmo, s\u00e3o os mais postergados. Entretanto, muitos e muitos, e s\u00e3o os que ganham mais, e n\u00e3o pagam. E, no final, todos recebem aposentadorias. A m\u00e1 administra\u00e7\u00e3o da Previd\u00eancia faz desaparecer suas rendas e receitas nas malhas da burocracia e do roubo.\u00a0 Assim n\u00e3o d\u00e1.<\/p>\n<p style=\"text-align: justify;\">Pela lei de Deus e pelas leis sociais do homem civilizado, os que n\u00e3o podem pagar a previd\u00eancia, claro, n\u00e3o pagariam. Mas, depois dos 65 anos teriam a sua aposentadoria m\u00ednima de um sal\u00e1rio.\u00a0 Outra coisa, os aposentados no Brasil t\u00eam direito a dominarem o Minist\u00e9rio da Previd\u00eancia. Esse minist\u00e9rio deveria ser administrado pelos aposentados, aqueles que pagaram, e n\u00e3o por aqueles que, no fim de contas, n\u00e3o pagam, ou pagam infinitamente pouco, se considerado o valor\u00a0 do que ganham.<\/p>\n<p style=\"text-align: justify;\">Se a orienta\u00e7\u00e3o fosse esta de os aposentados mandarem no Minist\u00e9rio da Previd\u00eancia Social, as fam\u00edlias teriam outro padr\u00e3o de comportamento para com seus velhos. O velho seria considerado uma reserva moral e n\u00e3o um trambolho.<\/p>\n<p style=\"text-align: justify;\">Fonte: www.portalodia.com<\/p>\n","protected":false},"excerpt":{"rendered":"<p>Artigo &#8211; Francisco Miguel de Moura Na Europa e nos pa\u00edses desenvolvidos, a popula\u00e7\u00e3o de velhos supera a das outras idades. Nem por isto eles est\u00e3o assustados como mant\u00ea-la e&#8230;<\/p>\n","protected":false},"author":4,"featured_media":0,"comment_status":"closed","ping_status":"closed","sticky":false,"template":"","format":"standard","meta":{"footnotes":""},"categories":[31],"tags":[],"class_list":["post-8289","post","type-post","status-publish","format-standard","hentry","category-noticias"],"_links":{"self":[{"href":"https:\/\/jusprev.org.br\/backup\/wp-json\/wp\/v2\/posts\/8289","targetHints":{"allow":["GET"]}}],"collection":[{"href":"https:\/\/jusprev.org.br\/backup\/wp-json\/wp\/v2\/posts"}],"about":[{"href":"https:\/\/jusprev.org.br\/backup\/wp-json\/wp\/v2\/types\/post"}],"author":[{"embeddable":true,"href":"https:\/\/jusprev.org.br\/backup\/wp-json\/wp\/v2\/users\/4"}],"replies":[{"embeddable":true,"href":"https:\/\/jusprev.org.br\/backup\/wp-json\/wp\/v2\/comments?post=8289"}],"version-history":[{"count":0,"href":"https:\/\/jusprev.org.br\/backup\/wp-json\/wp\/v2\/posts\/8289\/revisions"}],"wp:attachment":[{"href":"https:\/\/jusprev.org.br\/backup\/wp-json\/wp\/v2\/media?parent=8289"}],"wp:term":[{"taxonomy":"category","embeddable":true,"href":"https:\/\/jusprev.org.br\/backup\/wp-json\/wp\/v2\/categories?post=8289"},{"taxonomy":"post_tag","embeddable":true,"href":"https:\/\/jusprev.org.br\/backup\/wp-json\/wp\/v2\/tags?post=8289"}],"curies":[{"name":"wp","href":"https:\/\/api.w.org\/{rel}","templated":true}]}}