{"id":8341,"date":"2015-01-20T11:11:02","date_gmt":"2015-01-20T13:11:02","guid":{"rendered":"https:\/\/jusprev.org.br\/backup\/?p=8341"},"modified":"2015-01-20T11:11:02","modified_gmt":"2015-01-20T13:11:02","slug":"quando-me-preparar-para-a-aposentadoria","status":"publish","type":"post","link":"https:\/\/jusprev.org.br\/backup\/quando-me-preparar-para-a-aposentadoria\/","title":{"rendered":"Quando me preparar para a aposentadoria?"},"content":{"rendered":"<p style=\"text-align: justify;\">O melhor momento para come\u00e7ar a investir na aposentadoria \u00e9 agora. Ou melhor, foi ontem.<\/p>\n<p style=\"text-align: justify;\">Quando se fala em aposentadoria, vale a l\u00f3gica do quanto mais cedo, melhor. Apesar disso, os especialistas passaram muito tempo dando aten\u00e7\u00e3o apenas aos anos logo antes do encerramento da vida profissional. Isso se refletiu nos programas tradicionais de prepara\u00e7\u00e3o para a aposentadoria, que visavam os trabalhadores a dois ou tr\u00eas anos de deixar o trabalho. Nesse per\u00edodo, organizavam-se palestras sobre t\u00f3picos importantes, mas o tempo restante n\u00e3o permitia uma boa prepara\u00e7\u00e3o. Imagine o planejamento financeiro, por exemplo. Seu fim \u00e9 alcan\u00e7ar finan\u00e7as bem organizadas, que permitam suprir as necessidades e manter o conforto pelos pr\u00f3ximos 15 ou 20 anos &#8211; pensando na expectativa de vida em torno dos 80 anos. Mesmo para quem t\u00eam um bom sal\u00e1rio, n\u00e3o \u00e9 uma miss\u00e3o simples. Fazer isso em apenas dois ou tr\u00eas anos, ent\u00e3o, \u00e9 uma miss\u00e3o praticamente imposs\u00edvel.<\/p>\n<p style=\"text-align: justify;\">Agora pense em outras situa\u00e7\u00f5es nas quais alguma prepara\u00e7\u00e3o tamb\u00e9m seria bem vinda. Por exemplo, o vestibular. Quando se fala em prepara\u00e7\u00e3o para o vestibular, o modelo tradicional s\u00e3o os cursinhos preparat\u00f3rios. Alguns anos antes das provas para ingresso na universidade, ou mesmo no ano anterior, muitos alunos s\u00e3o submetidos a uma rotina alucinante de estudos porque sabem da import\u00e2ncia dessa prepara\u00e7\u00e3o. A fam\u00edlia e os amigos n\u00e3o apenas reconhecem o esfor\u00e7o, mas tamb\u00e9m colaboram para o sucesso do estudante. No entanto, se consideramos as habilidades mais b\u00e1sicas para o sucesso no vestibular, a prepara\u00e7\u00e3o come\u00e7a muito tempo antes. S\u00e3o mais de 10 anos praticando leitura e racioc\u00ednio matem\u00e1tico, por exemplo, habilidades absolutamente imprescind\u00edveis para o ingresso na universidade.<\/p>\n<p style=\"text-align: justify;\">Na prepara\u00e7\u00e3o para o vestibular, no entanto, um aluno com defici\u00eancia significativa no aprendizado desses conte\u00fados fica de recupera\u00e7\u00e3o ou reprova. Em fun\u00e7\u00e3o do monitoramento cont\u00ednuo realizado nas escolas (testes e provas), essa defici\u00eancia \u00e9 identificada e tratada (refor\u00e7o escolar, tarefas extra, testes de recupera\u00e7\u00e3o e mesmo a reprova\u00e7\u00e3o). Considerando o contexto da vida profissional, no entanto, a aus\u00eancia desses mecanismos cria um grande risco na educa\u00e7\u00e3o para a aposentadoria: n\u00e3o h\u00e1 monitoramento ou interven\u00e7\u00e3o estruturadas. Ningu\u00e9m \u00e9 advertido pelo chefe ou perde o emprego se n\u00e3o consegue manter sua vida financeira em dia e poupar para a aposentadoria. Como resultado, mesmo profissionais competentes correm o risco de chegar \u00e0 v\u00e9spera da aposentadoria sem a reserva necess\u00e1ria para garantir as necessidades b\u00e1sicas e preservar o conforto depois de interromper a atividade laboral.<\/p>\n<p style=\"text-align: justify;\">Por isso, quando se fala em prepara\u00e7\u00e3o para a aposentadoria, quanto mais cedo, melhor. Um desafio s\u00e9rio aqui, e insuperado at\u00e9 o momento, \u00e9 o paradoxo familiar a todos os procrastinadores: quando ainda temos muito dispon\u00edvel, a tarefa soa absolutamente desinteressante e nos esquivamos dela com per\u00edcia incompar\u00e1vel; mas quando o tempo est\u00e1 no fim, desabrocha um interesse intenso, real, in\u00e9dito, e&#8230; frequentemente in\u00f3cuo, pois nem sempre \u00e9 poss\u00edvel compensar o tempo perdido.<\/p>\n<p style=\"text-align: justify;\">Em tempos de trabalhadores e institui\u00e7\u00f5es ansiosos pela boa prepara\u00e7\u00e3o para a aposentadoria, a solu\u00e7\u00e3o n\u00e3o vir\u00e1 de uma interven\u00e7\u00e3o revolucion\u00e1ria. N\u00e3o \u00e9 preciso reinventar a roda &#8211; ela j\u00e1 foi inventada h\u00e1 muito tempo. Prepara\u00e7\u00e3o ideal \u00e9 aquela que favorece, no tempo necess\u00e1rio, o desenvolvimento das principais habilidades necess\u00e1rias a um bom ajustamento na velhice. Uma solu\u00e7\u00e3o simples e sob medida para um problema complexo.<\/p>\n<p style=\"text-align: justify;\">fonte:\u00a0www.brasilpost.com.br<\/p>\n","protected":false},"excerpt":{"rendered":"<p>O melhor momento para come\u00e7ar a investir na aposentadoria \u00e9 agora. Ou melhor, foi ontem. Quando se fala em aposentadoria, vale a l\u00f3gica do quanto mais cedo, melhor. Apesar disso,&#8230;<\/p>\n","protected":false},"author":4,"featured_media":0,"comment_status":"closed","ping_status":"closed","sticky":false,"template":"","format":"standard","meta":{"footnotes":""},"categories":[31],"tags":[],"class_list":["post-8341","post","type-post","status-publish","format-standard","hentry","category-noticias"],"_links":{"self":[{"href":"https:\/\/jusprev.org.br\/backup\/wp-json\/wp\/v2\/posts\/8341","targetHints":{"allow":["GET"]}}],"collection":[{"href":"https:\/\/jusprev.org.br\/backup\/wp-json\/wp\/v2\/posts"}],"about":[{"href":"https:\/\/jusprev.org.br\/backup\/wp-json\/wp\/v2\/types\/post"}],"author":[{"embeddable":true,"href":"https:\/\/jusprev.org.br\/backup\/wp-json\/wp\/v2\/users\/4"}],"replies":[{"embeddable":true,"href":"https:\/\/jusprev.org.br\/backup\/wp-json\/wp\/v2\/comments?post=8341"}],"version-history":[{"count":0,"href":"https:\/\/jusprev.org.br\/backup\/wp-json\/wp\/v2\/posts\/8341\/revisions"}],"wp:attachment":[{"href":"https:\/\/jusprev.org.br\/backup\/wp-json\/wp\/v2\/media?parent=8341"}],"wp:term":[{"taxonomy":"category","embeddable":true,"href":"https:\/\/jusprev.org.br\/backup\/wp-json\/wp\/v2\/categories?post=8341"},{"taxonomy":"post_tag","embeddable":true,"href":"https:\/\/jusprev.org.br\/backup\/wp-json\/wp\/v2\/tags?post=8341"}],"curies":[{"name":"wp","href":"https:\/\/api.w.org\/{rel}","templated":true}]}}