{"id":8349,"date":"2015-01-29T10:49:53","date_gmt":"2015-01-29T12:49:53","guid":{"rendered":"https:\/\/jusprev.org.br\/backup\/?p=8349"},"modified":"2015-01-29T10:49:53","modified_gmt":"2015-01-29T12:49:53","slug":"comite-de-investimentos-realiza-primeira-reuniao-do-ano-na-jusprev","status":"publish","type":"post","link":"https:\/\/jusprev.org.br\/backup\/comite-de-investimentos-realiza-primeira-reuniao-do-ano-na-jusprev\/","title":{"rendered":"Comit\u00ea de Investimentos realiza primeira reuni\u00e3o do ano na JUSPREV"},"content":{"rendered":"<p style=\"text-align: justify;\">Com a presen\u00e7a do presidente do Comit\u00ea de Investimentos &#8211; Dr. F\u00e1bio Bertoli Esmanhotto, do membro Dr. Marcio Humberto Geller, da Gerente Geral Dra. Deborah Traldi Maggio, do Analista Econ\u00f4mico da JUSPREV Allan Nogueira e de representantes das assets BRAM e DLM e da Aditus Consultoria Financeira, foi realizada no dia 28 de janeiro, na sede da JUSPREV, a primeira reuni\u00e3o de 2015 do Comit\u00ea.<\/p>\n<p style=\"text-align: justify;\">Na ocasi\u00e3o foram discutidos assuntos referentes \u00e0 rentabilidade consolidada do fundo de 2014 e as perspectivas de investimentos para 2015. Al\u00e9m disso, as asstes explanaram sobre suas respectivas carteiras.<\/p>\n","protected":false},"excerpt":{"rendered":"<p>Com a presen\u00e7a do presidente do Comit\u00ea de Investimentos &#8211; Dr. F\u00e1bio Bertoli Esmanhotto, do membro Dr. Marcio Humberto Geller, da Gerente Geral Dra. Deborah Traldi Maggio, do Analista Econ\u00f4mico&#8230;<\/p>\n","protected":false},"author":4,"featured_media":0,"comment_status":"closed","ping_status":"closed","sticky":false,"template":"","format":"standard","meta":{"footnotes":""},"categories":[31],"tags":[],"class_list":["post-8349","post","type-post","status-publish","format-standard","hentry","category-noticias"],"_links":{"self":[{"href":"https:\/\/jusprev.org.br\/backup\/wp-json\/wp\/v2\/posts\/8349","targetHints":{"allow":["GET"]}}],"collection":[{"href":"https:\/\/jusprev.org.br\/backup\/wp-json\/wp\/v2\/posts"}],"about":[{"href":"https:\/\/jusprev.org.br\/backup\/wp-json\/wp\/v2\/types\/post"}],"author":[{"embeddable":true,"href":"https:\/\/jusprev.org.br\/backup\/wp-json\/wp\/v2\/users\/4"}],"replies":[{"embeddable":true,"href":"https:\/\/jusprev.org.br\/backup\/wp-json\/wp\/v2\/comments?post=8349"}],"version-history":[{"count":0,"href":"https:\/\/jusprev.org.br\/backup\/wp-json\/wp\/v2\/posts\/8349\/revisions"}],"wp:attachment":[{"href":"https:\/\/jusprev.org.br\/backup\/wp-json\/wp\/v2\/media?parent=8349"}],"wp:term":[{"taxonomy":"category","embeddable":true,"href":"https:\/\/jusprev.org.br\/backup\/wp-json\/wp\/v2\/categories?post=8349"},{"taxonomy":"post_tag","embeddable":true,"href":"https:\/\/jusprev.org.br\/backup\/wp-json\/wp\/v2\/tags?post=8349"}],"curies":[{"name":"wp","href":"https:\/\/api.w.org\/{rel}","templated":true}]}}